{"id":18552,"date":"2023-12-11T15:11:29","date_gmt":"2023-12-11T12:11:29","guid":{"rendered":"https:\/\/akdenizhaber.com.tr\/?p=18552"},"modified":"2023-12-11T15:11:30","modified_gmt":"2023-12-11T12:11:30","slug":"sehitlik-parki-acilisa-hazir","status":"publish","type":"post","link":"https:\/\/akdenizhaber.com.tr\/index.php\/2023\/12\/11\/sehitlik-parki-acilisa-hazir\/","title":{"rendered":"\u015eehitlik Park\u0131 a\u00e7\u0131l\u0131\u015fa haz\u0131r"},"content":{"rendered":"\n<p><\/p>\n\n\n\n<p>Antalya Muratpa\u015fa Belediye Ba\u015fkan\u0131 \u00dcmit Uysal, T\u00fcrkiye\u2019nin d\u00f6rt bir yan\u0131nda vatan\u0131 i\u00e7in can\u0131n\u0131 feda etmekten \u00e7ekinmeyen 172 Antalyal\u0131 \u015fehidin her biri i\u00e7in an\u0131t\u0131n yer ald\u0131\u011f\u0131 \u015eehit Jandarma Y\u00fczba\u015f\u0131 Yasin Kurt \u015eehitlik Park\u0131\u2019n\u0131 13 Aral\u0131k \u00c7ar\u015famba saat 14.30\u2019da t\u00f6renle a\u00e7acaklar\u0131n\u0131 s\u00f6yledi.<\/p>\n\n\n\n<p>Aral\u0131k 2020\u2019de Suriye\u2019nin Rasulayn il\u00e7esindeki yol kontrol noktas\u0131nda ter\u00f6ristlerce d\u00fczenlenen bombal\u0131 sald\u0131r\u0131da \u015fehit d\u00fc\u015fen ve Antalya\u2019da topra\u011fa verilen Jandarma Y\u00fczba\u015f\u0131 Yasin Kurt\u2019un ad\u0131n\u0131 ta\u015f\u0131yan park, G\u00fczeloba Mahallesi Rauf Denkta\u015f Caddesi \u00fczerinde yer al\u0131yor. 6 bin 677 metrekare alana kurulan \u015eehit Jandarma Y\u00fczba\u015f\u0131 Yasin Kurt \u015eehitlik Park\u0131\u2019nda Ka\u015f\u2019tan, Gazipa\u015fa\u2019ya Antalya\u2019n\u0131n d\u00f6rt bir yan\u0131na defnedilen 172 \u015fehidin isimleri an\u0131s\u0131na birer an\u0131t yer al\u0131yor.<br><br>\u015eehitlerin k\u00fcnyelerinin yaz\u0131l\u0131 oldu\u011fu an\u0131tlar Gazi Mustafa Kemal Atat\u00fcrk heykelinin etraf\u0131nda yer al\u0131yor. Her an\u0131t\u0131n LED\u2019lerle ayd\u0131nlat\u0131ld\u0131\u011f\u0131 parkta Atat\u00fcrk heykelinin etraf\u0131 ise Gazi\u2019nin bir yurtd\u0131\u015f\u0131 seyahatinde T\u00fcrkiye\u2019ye getirdi\u011fi k\u0131rm\u0131z\u0131 Atat\u00fcrk \u00e7i\u00e7ekleriyle s\u00fcslendi. Parkta Muratpa\u015fa Belediyesi\u2019nin yeti\u015ftirdi\u011fi zeytin a\u011fa\u00e7lar\u0131 da bulunuyor.<\/p>\n\n\n\n<p>Muratpa\u015fa Belediyesi \/ B\u00fclten<\/p>\n","protected":false},"excerpt":{"rendered":"<p>Antalya Muratpa\u015fa Belediye Ba\u015fkan\u0131 \u00dcmit Uysal, T\u00fcrkiye\u2019nin d\u00f6rt bir yan\u0131nda vatan\u0131 i\u00e7in can\u0131n\u0131 feda etmekten \u00e7ekinmeyen 172 Antalyal\u0131 \u015fehidin her biri i\u00e7in an\u0131t\u0131n yer ald\u0131\u011f\u0131 <a href=\"https:\/\/akdenizhaber.com.tr\/index.php\/2023\/12\/11\/sehitlik-parki-acilisa-hazir\/\" class=\"read-more-link\">[more&#8230;]<\/a><\/p>\n","protected":false},"author":2,"featured_media":18553,"comment_status":"open","ping_status":"open","sticky":false,"template":"","format":"standard","meta":{"footnotes":""},"categories":[2],"tags":[],"class_list":["post-18552","post","type-post","status-publish","format-standard","has-post-thumbnail","hentry","category-gundem"],"_links":{"self":[{"href":"https:\/\/akdenizhaber.com.tr\/index.php\/wp-json\/wp\/v2\/posts\/18552","targetHints":{"allow":["GET"]}}],"collection":[{"href":"https:\/\/akdenizhaber.com.tr\/index.php\/wp-json\/wp\/v2\/posts"}],"about":[{"href":"https:\/\/akdenizhaber.com.tr\/index.php\/wp-json\/wp\/v2\/types\/post"}],"author":[{"embeddable":true,"href":"https:\/\/akdenizhaber.com.tr\/index.php\/wp-json\/wp\/v2\/users\/2"}],"replies":[{"embeddable":true,"href":"https:\/\/akdenizhaber.com.tr\/index.php\/wp-json\/wp\/v2\/comments?post=18552"}],"version-history":[{"count":0,"href":"https:\/\/akdenizhaber.com.tr\/index.php\/wp-json\/wp\/v2\/posts\/18552\/revisions"}],"wp:featuredmedia":[{"embeddable":true,"href":"https:\/\/akdenizhaber.com.tr\/index.php\/wp-json\/wp\/v2\/media\/18553"}],"wp:attachment":[{"href":"https:\/\/akdenizhaber.com.tr\/index.php\/wp-json\/wp\/v2\/media?parent=18552"}],"wp:term":[{"taxonomy":"category","embeddable":true,"href":"https:\/\/akdenizhaber.com.tr\/index.php\/wp-json\/wp\/v2\/categories?post=18552"},{"taxonomy":"post_tag","embeddable":true,"href":"https:\/\/akdenizhaber.com.tr\/index.php\/wp-json\/wp\/v2\/tags?post=18552"}],"curies":[{"name":"wp","href":"https:\/\/api.w.org\/{rel}","templated":true}]}}