{"id":18549,"date":"2023-12-11T15:10:39","date_gmt":"2023-12-11T12:10:39","guid":{"rendered":"https:\/\/akdenizhaber.com.tr\/?p=18549"},"modified":"2023-12-11T15:10:40","modified_gmt":"2023-12-11T12:10:40","slug":"chpden-konya-belediye-meclis-uyesi-a-adayi-olan-hanife-aldemir-efehizmet-icin-adayim","status":"publish","type":"post","link":"https:\/\/akdenizhaber.com.tr\/index.php\/2023\/12\/11\/chpden-konya-belediye-meclis-uyesi-a-adayi-olan-hanife-aldemir-efehizmet-icin-adayim\/","title":{"rendered":"CHP\u2019den Konya Belediye Meclis \u00dcyesi A.Aday\u0131 olan Hanife Aldemir Efe;\u201cH\u0130ZMET \u0130\u00c7\u0130N ADAYIM \u201c"},"content":{"rendered":"\n<p><\/p>\n\n\n\n<p><\/p>\n\n\n\n<p>CHP\u2019den Konya Belediye Meclis \u00dcyesi A.Aday\u0131 olan Hanife Aldemir Efe alt\u0131 Belediye Meclis \u00dcyesi A.Aday\u0131 olan Hanife Aldemir Efe, m\u00fcracaat\u0131n\u0131 miting havas\u0131nda yapt\u0131. Efe, meclis \u00fcyesi se\u00e7ildi\u011finde ula\u015fabilir olaca\u011f\u0131n\u0131n s\u00f6z\u00fcn\u00fc verdi<\/p>\n\n\n\n<p>CHP\u2019de aday adayl\u0131k s\u00fcreci tamamland\u0131. Konyaalt\u0131 Belediye Meclis \u00dcyesi A.Aday\u0131 olan Hanife Aldemir Efe\u2019nin adayl\u0131k m\u00fcracaat\u0131 miting havas\u0131nda ge\u00e7ti. 2 D\u00f6nem CHP\u2019den D\u00f6\u015femealt\u0131 Kad\u0131n Kollar\u0131 Ba\u015fkanl\u0131\u011f\u0131, 2 d\u00f6nem \u0130l Kad\u0131n Kollar\u0131 Ba\u015fkan Yard\u0131mc\u0131l\u0131\u011f\u0131 (halen devam ediyor) yapan AldemirEfe, ba\u015fvurunun ard\u0131ndan h\u0131zl\u0131ca saha \u00e7al\u0131\u015fmas\u0131na ba\u015flad\u0131. Konyaalt\u0131\u2019n\u0131n CHP\u2019nin kalelerinden biri oldu\u011funu s\u00f6yleyen Aldemir Efe, ula\u015f\u0131labilir olaca\u011f\u0131n\u0131 s\u00f6yledi.<\/p>\n\n\n\n<p>ULA\u015eILAB\u0130L\u0130R OLACA\u011eIM<\/p>\n\n\n\n<p>\u2018Telefonum 7 g\u00fcn 24 saat a\u00e7\u0131k olacak\u2019 diyen CHP Konyaalt\u0131 Belediye Meclis \u00dcyesi A.Aday\u0131 Hanife Aldemir Efe, \u201cHalk\u0131n oylar\u0131yla se\u00e7ilen bir siyaset\u00e7i ula\u015f\u0131labilir olmal\u0131. Ben halk\u0131n i\u00e7inden, \u00f6rg\u00fctten gelen biriyim. Beni 7\/24 arayabilirsiniz\u201d dedi.&nbsp; Arzu, istek, irade ile Konyaalt\u0131 Belediye meclis \u00fcyesi olarak kendisini destekleyenlere te\u015fekk\u00fcr eden Aldemir Efe, \u201cDost, arkada\u015f, kad\u0131n, erkek, gen\u00e7 t\u00fcm canlar\u0131m\u0131z\u0131n istek, arzu ve d\u00fc\u015f\u00fcncelerinizi belediyeye ta\u015f\u0131makla kalmayarak t\u00fcm hakl\u0131 taleplerinizi neticelendirmek i\u00e7in sonuna kadar m\u00fccadele edece\u011fim\u201d diye konu\u015ftu.<\/p>\n\n\n\n<p>H\u0130ZMET \u0130\u00c7\u0130N ADAYIM<\/p>\n\n\n\n<p>\u0130l\u00e7enin \u00e7\u00f6p, su gibi temel sorun ve ihtiya\u00e7lar\u0131n\u0131n \u00e7\u00f6z\u00fcm\u00fc noktas\u0131nda aktif rol alaca\u011f\u0131n\u0131 belirten CHP Konyaalt\u0131 Belediye Meclis \u00dcyesi A.Aday\u0131 Hanife AldemirEfe, \u201cEngelli vatanda\u015flara, ya\u015fl\u0131 canlar\u0131m\u0131za, kimsesiz ve zaruri ihtiyac\u0131 olanlara yard\u0131mc\u0131 olaca\u011f\u0131m. Sokaklarda bo\u015f gezen can dostlar\u0131m\u0131z\u0131 koruyup kollayaca\u011f\u0131m. \u0130\u015fsizler i\u00e7in mutlaka \u00e7areler bulmak i\u00e7in m\u00fccadele edece\u011fim. Belediye ba\u015fkan\u0131mla i\u015f birli\u011fi yaparak insana yak\u0131\u015f\u0131r bir hizmetle partimi iktidara ta\u015f\u0131mak i\u00e7in elimden geleni yapaca\u011f\u0131m\u201d dedi.<\/p>\n\n\n\n<p>(Haber Merkezi)<\/p>\n","protected":false},"excerpt":{"rendered":"<p>CHP\u2019den Konya Belediye Meclis \u00dcyesi A.Aday\u0131 olan Hanife Aldemir Efe alt\u0131 Belediye Meclis \u00dcyesi A.Aday\u0131 olan Hanife Aldemir Efe, m\u00fcracaat\u0131n\u0131 miting havas\u0131nda yapt\u0131. Efe, meclis <a href=\"https:\/\/akdenizhaber.com.tr\/index.php\/2023\/12\/11\/chpden-konya-belediye-meclis-uyesi-a-adayi-olan-hanife-aldemir-efehizmet-icin-adayim\/\" class=\"read-more-link\">[more&#8230;]<\/a><\/p>\n","protected":false},"author":2,"featured_media":18550,"comment_status":"open","ping_status":"open","sticky":false,"template":"","format":"standard","meta":{"footnotes":""},"categories":[2],"tags":[],"class_list":["post-18549","post","type-post","status-publish","format-standard","has-post-thumbnail","hentry","category-gundem"],"_links":{"self":[{"href":"https:\/\/akdenizhaber.com.tr\/index.php\/wp-json\/wp\/v2\/posts\/18549","targetHints":{"allow":["GET"]}}],"collection":[{"href":"https:\/\/akdenizhaber.com.tr\/index.php\/wp-json\/wp\/v2\/posts"}],"about":[{"href":"https:\/\/akdenizhaber.com.tr\/index.php\/wp-json\/wp\/v2\/types\/post"}],"author":[{"embeddable":true,"href":"https:\/\/akdenizhaber.com.tr\/index.php\/wp-json\/wp\/v2\/users\/2"}],"replies":[{"embeddable":true,"href":"https:\/\/akdenizhaber.com.tr\/index.php\/wp-json\/wp\/v2\/comments?post=18549"}],"version-history":[{"count":0,"href":"https:\/\/akdenizhaber.com.tr\/index.php\/wp-json\/wp\/v2\/posts\/18549\/revisions"}],"wp:featuredmedia":[{"embeddable":true,"href":"https:\/\/akdenizhaber.com.tr\/index.php\/wp-json\/wp\/v2\/media\/18550"}],"wp:attachment":[{"href":"https:\/\/akdenizhaber.com.tr\/index.php\/wp-json\/wp\/v2\/media?parent=18549"}],"wp:term":[{"taxonomy":"category","embeddable":true,"href":"https:\/\/akdenizhaber.com.tr\/index.php\/wp-json\/wp\/v2\/categories?post=18549"},{"taxonomy":"post_tag","embeddable":true,"href":"https:\/\/akdenizhaber.com.tr\/index.php\/wp-json\/wp\/v2\/tags?post=18549"}],"curies":[{"name":"wp","href":"https:\/\/api.w.org\/{rel}","templated":true}]}}