{"id":18535,"date":"2023-12-09T12:31:03","date_gmt":"2023-12-09T09:31:03","guid":{"rendered":"https:\/\/akdenizhaber.com.tr\/?p=18535"},"modified":"2023-12-09T12:31:03","modified_gmt":"2023-12-09T09:31:03","slug":"sucluya-gecit-yok-53-yil-kesinlesmis-hapis-cezasi-ile-araniyordu","status":"publish","type":"post","link":"https:\/\/akdenizhaber.com.tr\/index.php\/2023\/12\/09\/sucluya-gecit-yok-53-yil-kesinlesmis-hapis-cezasi-ile-araniyordu\/","title":{"rendered":"SU\u00c7LUYA GE\u00c7\u0130T YOK!                                                          53 y\u0131l kesinle\u015fmi\u015f hapis cezas\u0131 ile aran\u0131yordu"},"content":{"rendered":"\n<p><\/p>\n\n\n\n<p>Antalya \u0130l Emniyet M\u00fcd\u00fcrl\u00fc\u011f\u00fc birimlerince il genelinde mevcut huzur ve g\u00fcven ortam\u0131n\u0131n devam\u0131n\u0131n sa\u011flanmas\u0131 amac\u0131yla yap\u0131lan kapsaml\u0131 \u00e7al\u0131\u015fmalarda 53 y\u0131l kesinle\u015fmi\u015f hapis cezas\u0131 bulunan bir ki\u015fi yakaland\u0131.<\/p>\n\n\n\n<p>\u200dKonuyla ilgili verilen bilgiye g\u00f6re il genelinde yap\u0131lan \u00e7al\u0131\u015fmalarda \u00c7ekle ilgili kar\u015f\u0131l\u0131ks\u0131zd\u0131r i\u015flemi yap\u0131lmas\u0131na sebebiyet verme su\u00e7undan 53 y\u0131l kesinle\u015fmi\u015f hapis cezas\u0131 ile aranan (S.H.) isimli \u015fah\u0131s yakaland\u0131. Adli makamlara teslim edilen \u015fah\u0131s tutuklanarak cezaevine g\u00f6nderildi.<\/p>\n\n\n\n<p>(Haber Merkezi)<\/p>\n","protected":false},"excerpt":{"rendered":"<p>Antalya \u0130l Emniyet M\u00fcd\u00fcrl\u00fc\u011f\u00fc birimlerince il genelinde mevcut huzur ve g\u00fcven ortam\u0131n\u0131n devam\u0131n\u0131n sa\u011flanmas\u0131 amac\u0131yla yap\u0131lan kapsaml\u0131 \u00e7al\u0131\u015fmalarda 53 y\u0131l kesinle\u015fmi\u015f hapis cezas\u0131 bulunan bir <a href=\"https:\/\/akdenizhaber.com.tr\/index.php\/2023\/12\/09\/sucluya-gecit-yok-53-yil-kesinlesmis-hapis-cezasi-ile-araniyordu\/\" class=\"read-more-link\">[more&#8230;]<\/a><\/p>\n","protected":false},"author":2,"featured_media":18536,"comment_status":"open","ping_status":"open","sticky":false,"template":"","format":"standard","meta":{"footnotes":""},"categories":[2],"tags":[],"class_list":["post-18535","post","type-post","status-publish","format-standard","has-post-thumbnail","hentry","category-gundem"],"_links":{"self":[{"href":"https:\/\/akdenizhaber.com.tr\/index.php\/wp-json\/wp\/v2\/posts\/18535","targetHints":{"allow":["GET"]}}],"collection":[{"href":"https:\/\/akdenizhaber.com.tr\/index.php\/wp-json\/wp\/v2\/posts"}],"about":[{"href":"https:\/\/akdenizhaber.com.tr\/index.php\/wp-json\/wp\/v2\/types\/post"}],"author":[{"embeddable":true,"href":"https:\/\/akdenizhaber.com.tr\/index.php\/wp-json\/wp\/v2\/users\/2"}],"replies":[{"embeddable":true,"href":"https:\/\/akdenizhaber.com.tr\/index.php\/wp-json\/wp\/v2\/comments?post=18535"}],"version-history":[{"count":0,"href":"https:\/\/akdenizhaber.com.tr\/index.php\/wp-json\/wp\/v2\/posts\/18535\/revisions"}],"wp:featuredmedia":[{"embeddable":true,"href":"https:\/\/akdenizhaber.com.tr\/index.php\/wp-json\/wp\/v2\/media\/18536"}],"wp:attachment":[{"href":"https:\/\/akdenizhaber.com.tr\/index.php\/wp-json\/wp\/v2\/media?parent=18535"}],"wp:term":[{"taxonomy":"category","embeddable":true,"href":"https:\/\/akdenizhaber.com.tr\/index.php\/wp-json\/wp\/v2\/categories?post=18535"},{"taxonomy":"post_tag","embeddable":true,"href":"https:\/\/akdenizhaber.com.tr\/index.php\/wp-json\/wp\/v2\/tags?post=18535"}],"curies":[{"name":"wp","href":"https:\/\/api.w.org\/{rel}","templated":true}]}}