{"id":18526,"date":"2023-12-09T12:27:08","date_gmt":"2023-12-09T09:27:08","guid":{"rendered":"https:\/\/akdenizhaber.com.tr\/?p=18526"},"modified":"2023-12-09T12:27:09","modified_gmt":"2023-12-09T09:27:09","slug":"ogrenciler-canakkale-muzesi-sergisine-akin-ediyor","status":"publish","type":"post","link":"https:\/\/akdenizhaber.com.tr\/index.php\/2023\/12\/09\/ogrenciler-canakkale-muzesi-sergisine-akin-ediyor\/","title":{"rendered":"\u00d6\u011frenciler \u00c7anakkale M\u00fczesi Sergisi\u2019ne ak\u0131n ediyor"},"content":{"rendered":"\n<p><\/p>\n\n\n\n<p>Konyaalt\u0131 Belediyesi taraf\u0131ndan Cumhuriyet\u2019in kurulu\u015funun 100\u2019\u00fcnc\u00fc y\u0131l kutlamalar\u0131 kapsam\u0131nda a\u00e7\u0131lan \u00c7anakkale M\u00fczesi Sergisi\u2019ne Konyaalt\u0131\u2019nda e\u011fitim g\u00f6ren \u00f6\u011frenciler adeta ak\u0131n etti. 16 Aral\u0131k\u2019a kadar a\u00e7\u0131k olacak sergiyi her g\u00fcn yakla\u015f\u0131k 1000 \u00f6\u011frenci ziyaret ediyor.<\/p>\n\n\n\n<p>Konyaalt\u0131 Belediyesi taraf\u0131ndan Naz\u0131m Hikmet Kongre ve Fuar Merkezi\u2019nde a\u00e7\u0131lan \u00c7anakkale M\u00fczesi Sergisi\u2019ne Konyaalt\u0131\u2019nda e\u011fitim g\u00f6ren \u00f6\u011frenciler adeta ak\u0131n etti. Cumhuriyet\u2019in kurulu\u015funun 100\u2019\u00fcnc\u00fc y\u0131l kutlamalar\u0131 kapsam\u0131nda a\u00e7\u0131lan sergi 16 Aral\u0131k\u2019a kadar a\u00e7\u0131k kalacak. Hafta i\u00e7i okullarda e\u011fitim g\u00f6ren \u00f6\u011frencilere, hafta sonu da vatanda\u015flar\u0131n ziyaretine a\u00e7\u0131k olan sergide \u00c7anakkale Sava\u015f\u0131\u2019na ait silahtan mermiye, sava\u015fta g\u00f6rev alan asker, hem\u015fire, doktorlara ait k\u0131yafetlere kadar sava\u015fta kullan\u0131lan t\u00fcm objeler yer al\u0131yor.<\/p>\n\n\n\n<p>12 B\u0130N \u00d6\u011eRENC\u0130 Z\u0130YARET EDECEK<\/p>\n\n\n\n<p>\u00c7anakkale ruhunun yans\u0131t\u0131ld\u0131\u011f\u0131 \u00c7anakkale M\u00fczesi Sergisi\u2019ne Konyaalt\u0131\u2019nda e\u011fitim g\u00f6ren toplamda 12 bin \u00f6\u011frencinin ziyaret edece\u011fini s\u00f6yleyen \u00c7anakkale M\u00fczesi Genel Koordinat\u00f6r\u00fc Cengiz Y\u00fcr\u00fckaslan, \u201cBu g\u00fczel organizasyon ile \u00c7anakkale ruhunu yans\u0131tt\u0131\u011f\u0131m\u0131z i\u00e7in Konyaalt\u0131 Belediye Ba\u015fkan\u0131 Semih Esen\u2019e te\u015fekk\u00fcr ediyorum. Hafta sonu sergimizi \u00f6\u011frencilerimiz velileri ile birlikte ziyaret edebilirler\u201d dedi.<\/p>\n\n\n\n<p>B\u00dcY\u00dcK ZAFER<\/p>\n\n\n\n<p>Konyaalt\u0131 Belediye Ba\u015fkan\u0131 Semih Esen de, \u201c18 Mart 1915 tarihinde ba\u015flayan sava\u015f 9 Ocak 1916 y\u0131l\u0131nda b\u00fcy\u00fck bir zaferle sonu\u00e7land\u0131. \u00c7anakkale Sava\u015f\u0131, T\u00fcrk askerinin inan\u00e7, azim, cesaret ve vatan sevgisinin \u00f6l\u00fcms\u00fcz bir destan\u0131d\u0131r. Bizler bu \u00f6l\u00fcms\u00fcz destan\u0131m\u0131z\u0131 \u00c7anakkale M\u00fczesi Sergimiz ile \u00f6ncelikle \u00e7ocuklar\u0131m\u0131za yeniden anlatmak istedik. \u00c7ocuklar\u0131m\u0131z\u0131n ve vatanda\u015flar\u0131m\u0131z\u0131n sergiye ilgisi bizleri \u00e7ok mutlu etti. \u00dccretsiz olan sergimize t\u00fcm vatanda\u015flar\u0131m\u0131z\u0131 bekliyoruz\u201d diye konu\u015ftu.<\/p>\n\n\n\n<p>Konyaalt\u0131 Belediyesi \/ B\u00fclten<\/p>\n","protected":false},"excerpt":{"rendered":"<p>Konyaalt\u0131 Belediyesi taraf\u0131ndan Cumhuriyet\u2019in kurulu\u015funun 100\u2019\u00fcnc\u00fc y\u0131l kutlamalar\u0131 kapsam\u0131nda a\u00e7\u0131lan \u00c7anakkale M\u00fczesi Sergisi\u2019ne Konyaalt\u0131\u2019nda e\u011fitim g\u00f6ren \u00f6\u011frenciler adeta ak\u0131n etti. 16 Aral\u0131k\u2019a kadar a\u00e7\u0131k olacak <a href=\"https:\/\/akdenizhaber.com.tr\/index.php\/2023\/12\/09\/ogrenciler-canakkale-muzesi-sergisine-akin-ediyor\/\" class=\"read-more-link\">[more&#8230;]<\/a><\/p>\n","protected":false},"author":2,"featured_media":18527,"comment_status":"open","ping_status":"open","sticky":false,"template":"","format":"standard","meta":{"footnotes":""},"categories":[2],"tags":[],"class_list":["post-18526","post","type-post","status-publish","format-standard","has-post-thumbnail","hentry","category-gundem"],"_links":{"self":[{"href":"https:\/\/akdenizhaber.com.tr\/index.php\/wp-json\/wp\/v2\/posts\/18526","targetHints":{"allow":["GET"]}}],"collection":[{"href":"https:\/\/akdenizhaber.com.tr\/index.php\/wp-json\/wp\/v2\/posts"}],"about":[{"href":"https:\/\/akdenizhaber.com.tr\/index.php\/wp-json\/wp\/v2\/types\/post"}],"author":[{"embeddable":true,"href":"https:\/\/akdenizhaber.com.tr\/index.php\/wp-json\/wp\/v2\/users\/2"}],"replies":[{"embeddable":true,"href":"https:\/\/akdenizhaber.com.tr\/index.php\/wp-json\/wp\/v2\/comments?post=18526"}],"version-history":[{"count":0,"href":"https:\/\/akdenizhaber.com.tr\/index.php\/wp-json\/wp\/v2\/posts\/18526\/revisions"}],"wp:featuredmedia":[{"embeddable":true,"href":"https:\/\/akdenizhaber.com.tr\/index.php\/wp-json\/wp\/v2\/media\/18527"}],"wp:attachment":[{"href":"https:\/\/akdenizhaber.com.tr\/index.php\/wp-json\/wp\/v2\/media?parent=18526"}],"wp:term":[{"taxonomy":"category","embeddable":true,"href":"https:\/\/akdenizhaber.com.tr\/index.php\/wp-json\/wp\/v2\/categories?post=18526"},{"taxonomy":"post_tag","embeddable":true,"href":"https:\/\/akdenizhaber.com.tr\/index.php\/wp-json\/wp\/v2\/tags?post=18526"}],"curies":[{"name":"wp","href":"https:\/\/api.w.org\/{rel}","templated":true}]}}