{"id":18520,"date":"2023-12-09T12:25:20","date_gmt":"2023-12-09T09:25:20","guid":{"rendered":"https:\/\/akdenizhaber.com.tr\/?p=18520"},"modified":"2023-12-09T12:25:21","modified_gmt":"2023-12-09T09:25:21","slug":"finike-antalyanin-gerdanligidir","status":"publish","type":"post","link":"https:\/\/akdenizhaber.com.tr\/index.php\/2023\/12\/09\/finike-antalyanin-gerdanligidir\/","title":{"rendered":"Finike, Antalya\u2019n\u0131n gerdanl\u0131\u011f\u0131d\u0131r"},"content":{"rendered":"\n<p><\/p>\n\n\n\n<p>Kangren haline d\u00f6n\u00fc\u015fen altyap\u0131 problemlerinin \u00e7\u00f6z\u00fclmesinin ard\u0131ndan kent esteti\u011fine dokunmaya ba\u015flayan Finike Belediyesi, kent mobilyalar\u0131n\u0131 yeniledi. Yenilenen kent mobilyalar\u0131yla il\u00e7eye modern bir g\u00f6r\u00fcn\u00fcn kazand\u0131rd\u0131klar\u0131n\u0131 ifade eden Finike Belediye Ba\u015fkan\u0131 Mustafa Geyik\u00e7i, \u201cFinike\u2019mizin \u00e7ehresi de\u011fi\u015fiyor. Vatanda\u015flar\u0131m\u0131z\u0131n konforlu ve kentten keyif alarak vakit ge\u00e7irece\u011fi sosyal alanlar olu\u015fturuyoruz. Ayn\u0131 zamanda kent esteti\u011fimize yeni bir g\u00f6r\u00fcn\u00fcm kazand\u0131r\u0131yoruz\u201d dedi.<\/p>\n\n\n\n<p>Finike, Antalya\u2019n\u0131n gerdanl\u0131\u011f\u0131d\u0131r<\/p>\n\n\n\n<p>\u0130lk olarak \u015fehir merkezinde bulunan Atat\u00fcrk Park\u0131, Mendirek ve sahil band\u0131ndaki kent mobilyalar\u0131n\u0131n de\u011fi\u015ftirilmesiyle \u00e7al\u0131\u015fmalar\u0131n ba\u015flad\u0131\u011f\u0131n\u0131 ifade eden Ba\u015fkan Mustafa Geyik\u00e7i, \u201cFinike\u2019nin \u00e7ehresini de\u011fi\u015ftirmek i\u00e7in ilk dokunu\u015fu ger\u00e7ekle\u015ftirdik. Finike, do\u011fas\u0131, denizi, tarihi ile Antalya\u2019n\u0131n inci gerdanl\u0131\u011f\u0131d\u0131r. Bizler de bu gerdanl\u0131\u011f\u0131 hak etti\u011fi g\u00fczelli\u011fe kavu\u015fturmak ve vatanda\u015flar\u0131m\u0131z\u0131n keyif alaca\u011f\u0131 bir kent ortaya \u00e7\u0131karmak i\u00e7in \u00e7al\u0131\u015fmalar\u0131m\u0131z\u0131 t\u00fcm yo\u011funlu\u011fuyla s\u00fcrd\u00fcr\u00fcyoruz. Bu \u015fu an i\u00e7in bir ba\u015flang\u0131\u00e7. Yapaca\u011f\u0131m\u0131z de\u011fi\u015fiklikler ile kenti modern ve yeni bir g\u00f6r\u00fcn\u00fcme kavu\u015fturaca\u011f\u0131z. Hem mevcut projelerimizi hayata ge\u00e7iriyor hem de yeni projeler \u00fczerine \u00e7al\u0131\u015fmalar\u0131m\u0131z\u0131 devam ettiriyoruz.T\u00fcm enerjimizi daha g\u00fczel ve vatanda\u015flar\u0131m\u0131z\u0131n y\u00fcz\u00fcn\u00fcn g\u00fclerek keyif ald\u0131\u011f\u0131 bir Finike i\u00e7in harc\u0131yoruz\u201d \u015feklinde konu\u015ftu.<\/p>\n\n\n\n<p>Kente 3 milyon liral\u0131k dokunu\u015f<\/p>\n\n\n\n<p>Kas\u0131m ay\u0131nda yap\u0131lan ihale sonras\u0131nda h\u0131zl\u0131 bir bi\u00e7imde \u00e7al\u0131\u015fmalar\u0131n ba\u015flat\u0131ld\u0131\u011f\u0131n\u0131 ifade eden Ba\u015fkan Mustafa Geyik\u00e7i, \u201cKentimize yakla\u015f\u0131k 3 milyon liral\u0131k bir yat\u0131r\u0131m daha yapm\u0131\u015f olduk. Vatanda\u015flar\u0131m\u0131z\u0131n keyif alaca\u011f\u0131 bir kent i\u00e7in yat\u0131r\u0131mlar\u0131m\u0131z\u0131 s\u00fcrd\u00fcr\u00fcyoruz. Yak\u0131n bir zamanda \u00e7ar\u015f\u0131 merkezimiz de yeni \u0131\u015f\u0131kland\u0131rma ve ayd\u0131nlatmalar\u0131na kavu\u015facak. \u00c7ar\u015f\u0131m\u0131zda yapaca\u011f\u0131m\u0131z d\u00fczenleme ile bir cazibe merkezi yarataca\u011f\u0131z. Bunun yan\u0131nda Halk Pazar\u0131 yenileme \u00e7al\u0131\u015fmam\u0131zda sona gelindi. Hasyurt meydan projemiz t\u00fcm h\u0131z\u0131yla ilerliyor. K\u0131sacas\u0131 sahil \u015feridinden, \u00e7ar\u015f\u0131 merkezine, Turun\u00e7ova\u2019dan Hasyurt\u2019a il\u00e7emizin her alan\u0131na dokunuyor, g\u00fczelle\u015ftiriyoruz. Tek amac\u0131m\u0131z bizlere yak\u0131\u015fan her vatanda\u015f\u0131n\u0131n mutlu oldu\u011fu bir Finike meydana getirmek\u201d ifadelerini kulland\u0131.<\/p>\n\n\n\n<p>Finike Belediyesi \/ B\u00fclten<\/p>\n","protected":false},"excerpt":{"rendered":"<p>Kangren haline d\u00f6n\u00fc\u015fen altyap\u0131 problemlerinin \u00e7\u00f6z\u00fclmesinin ard\u0131ndan kent esteti\u011fine dokunmaya ba\u015flayan Finike Belediyesi, kent mobilyalar\u0131n\u0131 yeniledi. Yenilenen kent mobilyalar\u0131yla il\u00e7eye modern bir g\u00f6r\u00fcn\u00fcn kazand\u0131rd\u0131klar\u0131n\u0131 ifade <a href=\"https:\/\/akdenizhaber.com.tr\/index.php\/2023\/12\/09\/finike-antalyanin-gerdanligidir\/\" class=\"read-more-link\">[more&#8230;]<\/a><\/p>\n","protected":false},"author":2,"featured_media":18521,"comment_status":"open","ping_status":"open","sticky":false,"template":"","format":"standard","meta":{"footnotes":""},"categories":[2],"tags":[],"class_list":["post-18520","post","type-post","status-publish","format-standard","has-post-thumbnail","hentry","category-gundem"],"_links":{"self":[{"href":"https:\/\/akdenizhaber.com.tr\/index.php\/wp-json\/wp\/v2\/posts\/18520","targetHints":{"allow":["GET"]}}],"collection":[{"href":"https:\/\/akdenizhaber.com.tr\/index.php\/wp-json\/wp\/v2\/posts"}],"about":[{"href":"https:\/\/akdenizhaber.com.tr\/index.php\/wp-json\/wp\/v2\/types\/post"}],"author":[{"embeddable":true,"href":"https:\/\/akdenizhaber.com.tr\/index.php\/wp-json\/wp\/v2\/users\/2"}],"replies":[{"embeddable":true,"href":"https:\/\/akdenizhaber.com.tr\/index.php\/wp-json\/wp\/v2\/comments?post=18520"}],"version-history":[{"count":0,"href":"https:\/\/akdenizhaber.com.tr\/index.php\/wp-json\/wp\/v2\/posts\/18520\/revisions"}],"wp:featuredmedia":[{"embeddable":true,"href":"https:\/\/akdenizhaber.com.tr\/index.php\/wp-json\/wp\/v2\/media\/18521"}],"wp:attachment":[{"href":"https:\/\/akdenizhaber.com.tr\/index.php\/wp-json\/wp\/v2\/media?parent=18520"}],"wp:term":[{"taxonomy":"category","embeddable":true,"href":"https:\/\/akdenizhaber.com.tr\/index.php\/wp-json\/wp\/v2\/categories?post=18520"},{"taxonomy":"post_tag","embeddable":true,"href":"https:\/\/akdenizhaber.com.tr\/index.php\/wp-json\/wp\/v2\/tags?post=18520"}],"curies":[{"name":"wp","href":"https:\/\/api.w.org\/{rel}","templated":true}]}}