{"id":18517,"date":"2023-12-09T12:24:45","date_gmt":"2023-12-09T09:24:45","guid":{"rendered":"https:\/\/akdenizhaber.com.tr\/?p=18517"},"modified":"2023-12-09T12:24:45","modified_gmt":"2023-12-09T09:24:45","slug":"antalyanin-saglik-baskenti-kepez","status":"publish","type":"post","link":"https:\/\/akdenizhaber.com.tr\/index.php\/2023\/12\/09\/antalyanin-saglik-baskenti-kepez\/","title":{"rendered":"Antalya\u2019n\u0131n Sa\u011fl\u0131k Ba\u015fkenti Kepez"},"content":{"rendered":"\n<p><\/p>\n\n\n\n<p>Ge\u00e7ti\u011fimiz g\u00fcnlerde imzalan protokol kapsam\u0131nda 3 sa\u011fl\u0131k tesisine daha kavu\u015facak olan Kepez il\u00e7esinde, yap\u0131m\u0131n\u0131 S\u00fcleyman Akb\u0131y\u0131k\u2019\u0131n \u00fcstlendi\u011fi Fevzi \u00c7akmak Mahallesi\u2019ndeki 5 hekimli aile sa\u011fl\u0131\u011f\u0131 merkezi (ASM)nin in\u015faat \u00e7al\u0131\u015fmalar\u0131 tamamland\u0131.<\/p>\n\n\n\n<p>&nbsp;Kepez Belediye Ba\u015fkan\u0131 Hakan T\u00fct\u00fcnc\u00fc\u2019n\u00fcn g\u00f6rev y\u0131llar\u0131 i\u00e7erisinde m\u00fclkiyet sorunlar\u0131 \u00e7\u00f6z\u00fclen Fevzi \u00c7akmak Mahallesi, bir kal\u0131c\u0131 yat\u0131r\u0131ma daha kavu\u015fuyor. Gecekondu yap\u0131lar\u0131n\u0131n yerine imara uygun modern konutlar\u0131n in\u015fa edildi\u011fi mahalleye, anaokulu, ilkokul, 2 lise ve spor salonu kazand\u0131r\u0131lm\u0131\u015ft\u0131. Kepez Belediyesinin a\u00e7t\u0131\u011f\u0131 34 bin metre yeni yolla planl\u0131 \u015fehirle\u015fmenin ba\u015flad\u0131\u011f\u0131 Fevzi \u00c7akmak Mahallesi\u2019nin sa\u011fl\u0131k tesisi ihtiyac\u0131 da kar\u015f\u0131land\u0131.<\/p>\n\n\n\n<p>ASM\u2019N\u0130N \u0130N\u015eAAT \u00c7ALI\u015eMALARI TAMAMLANDI<\/p>\n\n\n\n<p>N\u00fcfusu 10 bin 500 olan mahalleye, Kepez M\u00fcteahhitler Derne\u011fi eski ba\u015fkan\u0131 S\u00fcleyman Akb\u0131y\u0131k taraf\u0131ndan aile sa\u011fl\u0131\u011f\u0131 merkezi (ASM)yap\u0131l\u0131yor. &nbsp;5 hekimli ASM\u2019nin yap\u0131m\u0131yla ilgili ge\u00e7ti\u011fimiz aylarda Antalya Valili\u011fi\u2019nde protokol imzalanm\u0131\u015ft\u0131. Hay\u0131rsever S\u00fcleyman Akb\u0131y\u0131k\u2019\u0131n isminin verilece\u011fi tek katl\u0131 ve betonarme sa\u011fl\u0131k tesisinin in\u015faat \u00e7al\u0131\u015fmalar\u0131 b\u00fcy\u00fck oranda tamamland\u0131. &nbsp;Hay\u0131rsever taraf\u0131ndan ASM binas\u0131, anahtar teslimi yap\u0131l\u0131yor.<br>S\u00fcleyman Akb\u0131y\u0131k ASM\u2019nin yeni y\u0131l\u0131n ilk aylar\u0131nda hizmete a\u00e7\u0131lmas\u0131 bekleniyor. Kepez Belediyesi de, imar plan\u0131yla ASM\u2019nin yap\u0131lmas\u0131na destek verdi.<\/p>\n\n\n\n<p>ANTALYA\u2019NIN SA\u011eLIK BA\u015eKENT\u0130 KEPEZ<\/p>\n\n\n\n<p>&nbsp;Kepez il\u00e7esinde bir ASM\u2019nin yap\u0131m\u0131 tamamlan\u0131rken, 3 sa\u011fl\u0131k tesisinin de temeli at\u0131l\u0131yor. Ba\u015fkan Hakan T\u00fct\u00fcnc\u00fc\u2019n\u00fcn g\u00f6rev y\u0131llar\u0131 i\u00e7erisinde yap\u0131lan Antalya \u015eehir Hastanesi, Kepez Devlet Hastanesi, Belediye Sa\u011fl\u0131k Merkezi, Antalya Halk Sa\u011fl\u0131\u011f\u0131 Laboratuar\u0131 ve Antalya Di\u015f Hastanesi yat\u0131r\u0131lmalar\u0131yla Kepez il\u00e7esi sa\u011fl\u0131k \u00fcss\u00fc haline geldi. Dev sa\u011fl\u0131k yat\u0131r\u0131mlar\u0131n\u0131n kazand\u0131r\u0131ld\u0131\u011f\u0131 il\u00e7ede, mahallelerin ilk basamak sa\u011fl\u0131k hizmetlerinin verildi\u011fi ASM talebi de kar\u015f\u0131lan\u0131yor.<br><br><\/p>\n\n\n\n<p>YEN\u0130 MAHALLEYE ASM VE SA\u011eLIK HAYAT MERKEZ\u0130<\/p>\n\n\n\n<p>Ge\u00e7ti\u011fimiz g\u00fcnlerde Antalya Valili\u011finde imzalanan protokol kapsam\u0131nda Kepez il\u00e7esindeki sa\u011fl\u0131k yat\u0131r\u0131mlar\u0131na 2 ASM ile Sa\u011fl\u0131kl\u0131 Hayat Merkezi de ekleniyor.<\/p>\n\n\n\n<p>\u0130\u00e7erisinde KETEM\u2019in de hizmet verece\u011fi Sa\u011fl\u0131kl\u0131 Hayat Merkezi (SHM) ile 4 hekimli ASM binalar\u0131, Yeni Mahalle\u2019ye in\u015fa edilecek.<br>\u0130ki sa\u011fl\u0131k tesisi binas\u0131, Kepez Belediyesi ve hay\u0131rsever Evar \u0130n\u015faat firmas\u0131 sahibi Evren Ari i\u015fbirli\u011finde yap\u0131lacak. Daha sonra bu iki tesis, imzalanan protokol kapsam\u0131nda Antalya \u0130l Sa\u011fl\u0131k M\u00fcd\u00fcrl\u00fc\u011f\u00fc\u2019ne devredilecek.<br>Protokol gere\u011fi, Yeni Mahalle\u2019deki sa\u011fl\u0131k tesislerine \u2018Bedreddin Ari\u2019 ismi verildi.<\/p>\n\n\n\n<p>VARSAK KAR\u015eIYAKA\u2019YA ASM<\/p>\n\n\n\n<p>Teslime-H\u00fcseyin ACAR ASM binas\u0131 ise Varsak Kar\u015f\u0131yaka Mahallesi\u2019nde 1547 ile 1548 sokak aras\u0131ndaki alana kazand\u0131r\u0131l\u0131yor. Kepez Belediyesi bu b\u00f6lgede imar plan\u0131 ve parselasyon \u00e7al\u0131\u015fmas\u0131 yaparak, tesisin yap\u0131laca\u011f\u0131 arsay\u0131 olu\u015fturdu. ASM\u2019nin yap\u0131laca\u011f\u0131 891 metrekarelik arsa, Kepez Belediye Meclisi karar\u0131yla \u0130l Sa\u011fl\u0131k M\u00fcd\u00fcrl\u00fc\u011f\u00fcne tahsis edildi. Hay\u0131rseverler, Hasibe \u00d6zkan ve Hasan Acar taraf\u0131ndan tahsis edilen ta\u015f\u0131nmaz \u00fczerine 2 ya da 3 hekimli ASM binas\u0131n\u0131 anahtar teslimi yapacak.<br>Yine Kepez Belediyesinin deste\u011fiyle il\u00e7enin 7 farkl\u0131 noktas\u0131na 112 Acil \u0130stasyonu yap\u0131ld\u0131.<\/p>\n\n\n\n<p>Kepez Belediyesi \/ B\u00fclten<\/p>\n","protected":false},"excerpt":{"rendered":"<p>Ge\u00e7ti\u011fimiz g\u00fcnlerde imzalan protokol kapsam\u0131nda 3 sa\u011fl\u0131k tesisine daha kavu\u015facak olan Kepez il\u00e7esinde, yap\u0131m\u0131n\u0131 S\u00fcleyman Akb\u0131y\u0131k\u2019\u0131n \u00fcstlendi\u011fi Fevzi \u00c7akmak Mahallesi\u2019ndeki 5 hekimli aile sa\u011fl\u0131\u011f\u0131 merkezi <a href=\"https:\/\/akdenizhaber.com.tr\/index.php\/2023\/12\/09\/antalyanin-saglik-baskenti-kepez\/\" class=\"read-more-link\">[more&#8230;]<\/a><\/p>\n","protected":false},"author":2,"featured_media":18518,"comment_status":"open","ping_status":"open","sticky":false,"template":"","format":"standard","meta":{"footnotes":""},"categories":[2],"tags":[],"class_list":["post-18517","post","type-post","status-publish","format-standard","has-post-thumbnail","hentry","category-gundem"],"_links":{"self":[{"href":"https:\/\/akdenizhaber.com.tr\/index.php\/wp-json\/wp\/v2\/posts\/18517","targetHints":{"allow":["GET"]}}],"collection":[{"href":"https:\/\/akdenizhaber.com.tr\/index.php\/wp-json\/wp\/v2\/posts"}],"about":[{"href":"https:\/\/akdenizhaber.com.tr\/index.php\/wp-json\/wp\/v2\/types\/post"}],"author":[{"embeddable":true,"href":"https:\/\/akdenizhaber.com.tr\/index.php\/wp-json\/wp\/v2\/users\/2"}],"replies":[{"embeddable":true,"href":"https:\/\/akdenizhaber.com.tr\/index.php\/wp-json\/wp\/v2\/comments?post=18517"}],"version-history":[{"count":0,"href":"https:\/\/akdenizhaber.com.tr\/index.php\/wp-json\/wp\/v2\/posts\/18517\/revisions"}],"wp:featuredmedia":[{"embeddable":true,"href":"https:\/\/akdenizhaber.com.tr\/index.php\/wp-json\/wp\/v2\/media\/18518"}],"wp:attachment":[{"href":"https:\/\/akdenizhaber.com.tr\/index.php\/wp-json\/wp\/v2\/media?parent=18517"}],"wp:term":[{"taxonomy":"category","embeddable":true,"href":"https:\/\/akdenizhaber.com.tr\/index.php\/wp-json\/wp\/v2\/categories?post=18517"},{"taxonomy":"post_tag","embeddable":true,"href":"https:\/\/akdenizhaber.com.tr\/index.php\/wp-json\/wp\/v2\/tags?post=18517"}],"curies":[{"name":"wp","href":"https:\/\/api.w.org\/{rel}","templated":true}]}}