{"id":18514,"date":"2023-12-09T12:24:06","date_gmt":"2023-12-09T09:24:06","guid":{"rendered":"https:\/\/akdenizhaber.com.tr\/?p=18514"},"modified":"2023-12-09T12:24:07","modified_gmt":"2023-12-09T09:24:07","slug":"engel-tanimayanlardan-muhtesem-konser","status":"publish","type":"post","link":"https:\/\/akdenizhaber.com.tr\/index.php\/2023\/12\/09\/engel-tanimayanlardan-muhtesem-konser\/","title":{"rendered":"Engel Tan\u0131mayanlardan Muhte\u015fem Konser"},"content":{"rendered":"\n<p><\/p>\n\n\n\n<p><a>UTEF Umut I\u015f\u0131\u011f\u0131 T\u00fcrk Halk M\u00fczi\u011fi Korosu<\/a>, Antalya Engelliler Sanat Evi Korosu ile bilikte <em>Muratpa\u015fa<\/em>&nbsp;Belediyesi&nbsp;<em>K\u00fclt\u00fcr Salonu<\/em>&#8216;nda&nbsp;sahne ald\u0131 ve b\u00fcy\u00fck ilgi g\u00f6rd\u00fc.<\/p>\n\n\n\n<p>Hasan Safran y\u00f6netimindeki UTEF Umut I\u015f\u0131\u011f\u0131 T\u00fcrk Halk M\u00fczi\u011fi Korosu ve H\u00fclya Bostano\u011flu y\u00f6netimindeki Antalya Engelliler Sanat Evi Korosu, \u201cEngel Tan\u0131m\u0131yan Cumhuriyet Konseri\u201d <em>isimli konser<\/em> izliyecilere unutulmaz saatler ya\u015fatt\u0131.<\/p>\n\n\n\n<p>Konserde, saz heyeti e\u015fli\u011finde yurdun \u00e7e\u015fitli y\u00f6relerinden \u015fark\u0131lar ve t\u00fcrk\u00fcler koro ve solistler taraf\u0131ndan seslendirildi ve izleyeciler s\u00f6ylenen \u015fark\u0131lara hep birlikte e\u015flik etti. Konser duygusal ve hareketli \u015fark\u0131 ve t\u00fcrk\u00fclerle devam etti. <em>Koro<\/em>&nbsp;ve&nbsp;<em>solistler<\/em>, salonu dolduran&nbsp;<em>izleyicilerden b\u00fcy\u00fck be\u011feni toplad\u0131<\/em> ve tam not ald\u0131.<\/p>\n\n\n\n<p>Uluslararas\u0131 T\u00fcm Engelliler Ya\u015fl\u0131lar Kimsesizler Federasyonu (UTEF) ile Leman Gebizli T\u00fcm Engelli Ya\u015fl\u0131 ve Kimsesizlere Umut I\u015f\u0131\u011f\u0131 Derne\u011fi\u2019nin ev sahipli\u011finde ger\u00e7ekle\u015ftirilen konsere; Muratpa\u015fa Belediyesi Ba\u015fkan Yard\u0131mc\u0131s\u0131 Zekiye Yetkin Kurt,Kocaaliler Belediye Ba\u015fkan\u0131 Selahattin G\u00f6k\u00e7e, engelli aileleri, Irak T\u00fcrkmen Birli\u011fi ve Dayan\u0131\u015fma Derne\u011fi Ba\u015fkan\u0131 Dr. K\u00fcr\u015fat \u00c7avu\u015fo\u011flu, Irak Akdeniz ve \u0130slam \u00fclkeleri \u0130\u015f \u0130nsanlar\u0131 Derne\u011fi ve T\u00fcm Hatayl\u0131lar ve Hatay Dostlar\u0131 Derne\u011fi (T\u00dcMHATAYDER) Genel Ba\u015fkan\u0131 Hikmet Kenan Yozgatl\u0131, Teke Y\u00f6resi Av\u015far Y\u00f6r\u00fckleri K\u00fclt\u00fcr Dayan\u0131\u015fma ve Yard\u0131mla\u015fma Derne\u011fi Ba\u015fkan\u0131 Dilber K\u00f6se, i\u015f adamlar\u0131, akademisyenler, siyasi parti ve STK temsilcileri ile \u00e7ok say\u0131da davetli kat\u0131ld\u0131.<\/p>\n\n\n\n<p>Uluslararas\u0131 T\u00fcm Engelliler Ya\u015fl\u0131lar Kimsesizler Federasyonu (UTEF) ile <a>Leman Gebizli T\u00fcm Engelli Ya\u015fl\u0131 ve Kimsesizlere Umut I\u015f\u0131\u011f\u0131 Derne\u011fi<\/a> Genel Ba\u015fkan\u0131 G\u00fcldane Kaya Ka\u00e7ar, \u00fcniversite \u00f6\u011frencisi \u00e7ocuklara kar\u015f\u0131l\u0131ks\u0131z burs imkan\u0131, ihtiya\u00e7 sahipleri i\u00e7in y\u00fczlerce tekerlekli sandalye, hasta yata\u011f\u0131, g\u0131da paketleri, market \u00e7ekleri, k\u0131yafet ve e\u015fya yard\u0131m\u0131 yapt\u0131klar\u0131n\u0131 belirtti.<\/p>\n\n\n\n<p>Konser sonunda izleyiciler koro ve solistleri uzun s\u00fcre alk\u0131\u015flad\u0131. Konser, plaket ve \u00e7i\u00e7ek takdimi ile son buldu.<\/p>\n\n\n\n<p><em>Muratpa\u015fa<\/em>&nbsp;Belediyesi&nbsp;\/ B\u00fclten<\/p>\n","protected":false},"excerpt":{"rendered":"<p>UTEF Umut I\u015f\u0131\u011f\u0131 T\u00fcrk Halk M\u00fczi\u011fi Korosu, Antalya Engelliler Sanat Evi Korosu ile bilikte Muratpa\u015fa&nbsp;Belediyesi&nbsp;K\u00fclt\u00fcr Salonu&#8216;nda&nbsp;sahne ald\u0131 ve b\u00fcy\u00fck ilgi g\u00f6rd\u00fc. Hasan Safran y\u00f6netimindeki UTEF <a href=\"https:\/\/akdenizhaber.com.tr\/index.php\/2023\/12\/09\/engel-tanimayanlardan-muhtesem-konser\/\" class=\"read-more-link\">[more&#8230;]<\/a><\/p>\n","protected":false},"author":2,"featured_media":18515,"comment_status":"open","ping_status":"open","sticky":false,"template":"","format":"standard","meta":{"footnotes":""},"categories":[2],"tags":[],"class_list":["post-18514","post","type-post","status-publish","format-standard","has-post-thumbnail","hentry","category-gundem"],"_links":{"self":[{"href":"https:\/\/akdenizhaber.com.tr\/index.php\/wp-json\/wp\/v2\/posts\/18514","targetHints":{"allow":["GET"]}}],"collection":[{"href":"https:\/\/akdenizhaber.com.tr\/index.php\/wp-json\/wp\/v2\/posts"}],"about":[{"href":"https:\/\/akdenizhaber.com.tr\/index.php\/wp-json\/wp\/v2\/types\/post"}],"author":[{"embeddable":true,"href":"https:\/\/akdenizhaber.com.tr\/index.php\/wp-json\/wp\/v2\/users\/2"}],"replies":[{"embeddable":true,"href":"https:\/\/akdenizhaber.com.tr\/index.php\/wp-json\/wp\/v2\/comments?post=18514"}],"version-history":[{"count":0,"href":"https:\/\/akdenizhaber.com.tr\/index.php\/wp-json\/wp\/v2\/posts\/18514\/revisions"}],"wp:featuredmedia":[{"embeddable":true,"href":"https:\/\/akdenizhaber.com.tr\/index.php\/wp-json\/wp\/v2\/media\/18515"}],"wp:attachment":[{"href":"https:\/\/akdenizhaber.com.tr\/index.php\/wp-json\/wp\/v2\/media?parent=18514"}],"wp:term":[{"taxonomy":"category","embeddable":true,"href":"https:\/\/akdenizhaber.com.tr\/index.php\/wp-json\/wp\/v2\/categories?post=18514"},{"taxonomy":"post_tag","embeddable":true,"href":"https:\/\/akdenizhaber.com.tr\/index.php\/wp-json\/wp\/v2\/tags?post=18514"}],"curies":[{"name":"wp","href":"https:\/\/api.w.org\/{rel}","templated":true}]}}