{"id":18504,"date":"2023-12-08T14:15:12","date_gmt":"2023-12-08T11:15:12","guid":{"rendered":"https:\/\/akdenizhaber.com.tr\/?p=18504"},"modified":"2023-12-08T14:15:12","modified_gmt":"2023-12-08T11:15:12","slug":"asim-bozkurt-chpden-manavgat-belediye-baskani-aday-adayi-oldu","status":"publish","type":"post","link":"https:\/\/akdenizhaber.com.tr\/index.php\/2023\/12\/08\/asim-bozkurt-chpden-manavgat-belediye-baskani-aday-adayi-oldu\/","title":{"rendered":"As\u0131m Bozkurt CHP&#8217;den Manavgat Belediye Ba\u015fkan\u0131 aday aday\u0131 oldu"},"content":{"rendered":"\n<p><\/p>\n\n\n\n<p>Eski Sosyal Halk\u00e7\u0131 Partisi(SHP) Manavgat \u0130l\u00e7e Ba\u015fkanlar\u0131ndan emekli Almanca \u00f6\u011fretmeni As\u0131m Bozkurt,31 Mart 2024 Manavgat Belediye Ba\u015fkanl\u0131\u011f\u0131 se\u00e7iminde CHP&#8217;den Manavgat Belediye Ba\u015fkan\u0131 aday aday\u0131 oldu.<\/p>\n\n\n\n<p>&nbsp;As\u0131m Bozkurt aday adayl\u0131k ba\u015fvurusunu CHP \u0130l\u00e7e Ba\u015fkan\u0131 Oykun Ba\u015far&#8217;a yapt\u0131.<\/p>\n\n\n\n<p>Usta siyaset\u00e7i As\u0131m Bozkurt se\u00e7im vaadi olarak ilkeli, d\u00fcr\u00fcst, \u015feffafl\u0131k, saydaml\u0131k ve hesap verebilirlik ve halk\u0131n 24 saat ula\u015ft\u0131\u011f\u0131 bir belediye ba\u015fkan\u0131 olma s\u00f6z\u00fcn\u00fc verdi.<\/p>\n\n\n\n<p>Belediye Ba\u015fkan\u0131 Aday Aday\u0131 As\u0131m Bozkurt,&#8221; Parti aday g\u00f6sterirse Manavgat Belediyesi&#8217;ni kazan\u0131rsam Belediyeyi bir orkestra \u015fefi gibi y\u00f6netmek istiyorum. Se\u00e7im vaadim 24 saat ula\u015f\u0131labilen bir belediye ba\u015fkan\u0131 olma ile d\u00fcr\u00fcstl\u00fck. Bir insan\u0131n en b\u00fcy\u00fck \u015fiar\u0131 d\u00fcr\u00fcstl\u00fc\u011f\u00fcd\u00fcr. Belediyeyi halk\u0131m\u0131z ile birlikte ortak ak\u0131lla y\u00f6netece\u011fiz&#8221; dedi.<\/p>\n\n\n\n<p>Haber\/Abdurrahman B\u00fcy\u00fckkeskin<\/p>\n","protected":false},"excerpt":{"rendered":"<p>Eski Sosyal Halk\u00e7\u0131 Partisi(SHP) Manavgat \u0130l\u00e7e Ba\u015fkanlar\u0131ndan emekli Almanca \u00f6\u011fretmeni As\u0131m Bozkurt,31 Mart 2024 Manavgat Belediye Ba\u015fkanl\u0131\u011f\u0131 se\u00e7iminde CHP&#8217;den Manavgat Belediye Ba\u015fkan\u0131 aday aday\u0131 oldu. <a href=\"https:\/\/akdenizhaber.com.tr\/index.php\/2023\/12\/08\/asim-bozkurt-chpden-manavgat-belediye-baskani-aday-adayi-oldu\/\" class=\"read-more-link\">[more&#8230;]<\/a><\/p>\n","protected":false},"author":2,"featured_media":18505,"comment_status":"open","ping_status":"open","sticky":false,"template":"","format":"standard","meta":{"footnotes":""},"categories":[2],"tags":[],"class_list":["post-18504","post","type-post","status-publish","format-standard","has-post-thumbnail","hentry","category-gundem"],"_links":{"self":[{"href":"https:\/\/akdenizhaber.com.tr\/index.php\/wp-json\/wp\/v2\/posts\/18504","targetHints":{"allow":["GET"]}}],"collection":[{"href":"https:\/\/akdenizhaber.com.tr\/index.php\/wp-json\/wp\/v2\/posts"}],"about":[{"href":"https:\/\/akdenizhaber.com.tr\/index.php\/wp-json\/wp\/v2\/types\/post"}],"author":[{"embeddable":true,"href":"https:\/\/akdenizhaber.com.tr\/index.php\/wp-json\/wp\/v2\/users\/2"}],"replies":[{"embeddable":true,"href":"https:\/\/akdenizhaber.com.tr\/index.php\/wp-json\/wp\/v2\/comments?post=18504"}],"version-history":[{"count":0,"href":"https:\/\/akdenizhaber.com.tr\/index.php\/wp-json\/wp\/v2\/posts\/18504\/revisions"}],"wp:featuredmedia":[{"embeddable":true,"href":"https:\/\/akdenizhaber.com.tr\/index.php\/wp-json\/wp\/v2\/media\/18505"}],"wp:attachment":[{"href":"https:\/\/akdenizhaber.com.tr\/index.php\/wp-json\/wp\/v2\/media?parent=18504"}],"wp:term":[{"taxonomy":"category","embeddable":true,"href":"https:\/\/akdenizhaber.com.tr\/index.php\/wp-json\/wp\/v2\/categories?post=18504"},{"taxonomy":"post_tag","embeddable":true,"href":"https:\/\/akdenizhaber.com.tr\/index.php\/wp-json\/wp\/v2\/tags?post=18504"}],"curies":[{"name":"wp","href":"https:\/\/api.w.org\/{rel}","templated":true}]}}