{"id":18501,"date":"2023-12-08T14:13:52","date_gmt":"2023-12-08T11:13:52","guid":{"rendered":"https:\/\/akdenizhaber.com.tr\/?p=18501"},"modified":"2023-12-08T14:13:53","modified_gmt":"2023-12-08T11:13:53","slug":"masiaddan-gonulluler-gununde-anlamli-ziyaret","status":"publish","type":"post","link":"https:\/\/akdenizhaber.com.tr\/index.php\/2023\/12\/08\/masiaddan-gonulluler-gununde-anlamli-ziyaret\/","title":{"rendered":"MAS\u0130AD\u2019dan G\u00f6n\u00fcll\u00fcler G\u00fcn\u00fc\u2019nde anlaml\u0131 ziyaret"},"content":{"rendered":"\n<p><\/p>\n\n\n\n<p>2018 y\u0131l\u0131nda Ya\u011f\u0131z K\u0131z\u0131lkaya ba\u015fkanl\u0131\u011f\u0131nda Ankara\u2019da kurulan TAMGA Uluslararas\u0131 Arama Kurtarma ve Yard\u0131m Derne\u011fi\u2019nin 5. B\u00f6lge Antalya Komuta Merkezi Manavgat\u2019\u0131 D\u00fcnya G\u00f6n\u00fcll\u00fcler G\u00fcn\u00fc nedeniyle ilk kez bir Sivil Toplum \u00d6rg\u00fct\u00fc ziyaret etti.<\/p>\n\n\n\n<p>Manavgat Sanayici ve \u0130\u015f \u0130nsanlar\u0131 Derne\u011fi (MAS\u0130AD) Y\u00f6netim Kurulu Ba\u015fkan\u0131 M\u00fccahit Tatar\u2019\u0131n bu anlaml\u0131 g\u00fcnde ziyaretinde kendisini 5. B\u00f6lge Temsilcisi Fatma D\u00fcz ile ekibinden Arama Kurtarma Uzman\u0131 Hakan Yal\u00e7\u0131n ve sa\u011fl\u0131k\u00e7\u0131 Mustafa Girengir kar\u015f\u0131lad\u0131.<\/p>\n\n\n\n<p>S\u0131cak ve samimi bir ortamda ger\u00e7ekle\u015ftirilen ziyarette Fatma D\u00fcz, Ba\u015fkan Tatar\u2019a g\u00fcn\u00fcn anlam ve \u00f6nemi nedeniyle TAMGA logolu bir fincan arma\u011fan etti.<\/p>\n\n\n\n<p>Ba\u015fkan Tatar; \u201cKomuta Merkezi\u2019nin Manavgat\u2019ta olmas\u0131 heyecan verici\u201d<\/p>\n\n\n\n<p>Manavgat Sanayici ve \u0130\u015f \u0130nsanlar\u0131 Derne\u011fi (MAS\u0130AD) Y\u00f6netim Kurulu Ba\u015fkan\u0131 M\u00fccahit Tatar; \u201c\u00d6ncelikle \u201cTAMGA Uluslararas\u0131 Arama Kurtarma ve Yard\u0131m Derne\u011fi 5. B\u00f6lge\u201d Antalya Komuta Merkezi\u2019ni ziyaret etmekten b\u00fcy\u00fck bir mutluluk duydum. TAMGAKUT Antalya Ba\u015fkanl\u0131\u011f\u0131\u2019n\u0131n Komuta Merkezi\u2019nin Manavgat\u2019ta olmas\u0131 da bize ayr\u0131 bir heyecan verdi. Buradaki g\u00f6n\u00fcll\u00fc arkada\u015flar\u0131n ya\u015fam\u0131\u015f oldu\u011fumuz son 6 \u015eubat depreminde ve \u00f6ncesinde Manavgat yang\u0131n\u0131 ile \u0130zmir depreminde ve Libya\u2019da ya\u015fanan sel felaketine katm\u0131\u015f olduklar\u0131 katk\u0131lar ve \u00e7al\u0131\u015fmalar\u0131n bire bir \u015fahidi olarak yak\u0131ndan takip ediyorum. Kendilerine minnet duyuyor ve takdir ediyoruz. D\u00fcnya G\u00f6n\u00fcll\u00fcler G\u00fcn\u00fc ve Haftas\u0131 m\u00fcnasebetiyle MAS\u0130AD olarak kendilerini bizzat ziyaret ederek kutlamak istedim. Allah \u00fclkemizi ve insanl\u0131\u011f\u0131 afetlerden korusun. \u015euna inan\u0131yoruz ki, afetler her an insanl\u0131\u011f\u0131n ba\u015f\u0131na gelebilecek olan hakikatlerdir ve her zaman bunlara kar\u015f\u0131 haz\u0131rl\u0131kl\u0131 olmak zorunday\u0131z. Bizim bu g\u00f6n\u00fcll\u00fc kurumlara \u00e7ok ihtiyac\u0131m\u0131z var. Bu kurumlar\u0131n daha etkin alanlarda e\u011fitim g\u00f6rebilecekleri, kurumsalla\u015fabilecekleri ve insanlara daha s\u00fcratli bir \u015fekilde hizmet g\u00f6t\u00fcrebilecekleri fiziki ko\u015fullar\u0131 daha uygun alanlara ihtiya\u00e7lar\u0131 var. \u0130n\u015faallah bu alanlarla ilgili giri\u015fimleri olumlu sonu\u00e7 verir. Ancak bu \u00e7al\u0131\u015fmalar sadece tek ba\u015f\u0131na g\u00f6n\u00fcll\u00fcl\u00fck esas\u0131yla sadece belli kurumlar\u0131n de\u011fil, b\u00f6lgemizde milletimize hizmet verecek b\u00fct\u00fcn kurumlar\u0131n i\u015fbirli\u011fi i\u00e7erisinde ba\u015far\u0131labilecek ger\u00e7eklerdir. Umut ediyorum ki, ilerleyen s\u00fcre\u00e7te Manavgat\u2019ta bir arama kurtarma ekibinin daha etkin bir alanda daha kalabal\u0131k ve g\u00fc\u00e7l\u00fc bir kadro ile faaliyet g\u00f6sterebilece\u011fi bir tesis alan\u0131 olu\u015fturabilir. MAS\u0130AD Y\u00f6netim Kurulu toplant\u0131s\u0131nda haz\u0131rlad\u0131klar\u0131 projeyi inceledik ve de\u011ferlendirdik. Haz\u0131rlad\u0131klar\u0131 proje tam anlam\u0131yla b\u00f6lgemiz i\u00e7in b\u00fcy\u00fck bir ihtiya\u00e7. Hi\u00e7bir \u015fahsi ya da kuruma ve bireye y\u00f6nelik ihtiya\u00e7 de\u011fil aksine memlekete y\u00f6nelik Manavgat \u00f6z\u00fcnde Antalya ve \u00e7evre illere hatta \u00fclkenin her yerine y\u00f6nelik bir ihtiya\u00e7t\u0131r.\u201d<\/p>\n\n\n\n<p>D\u00fcz; \u201c\u00d6ncelikli ihtiyac\u0131m\u0131z insan g\u00fcc\u00fc\u201d<\/p>\n\n\n\n<p>TAMGA Uluslararas\u0131 Arama Kurtarma ve Yard\u0131m Derne\u011fi 5. B\u00f6lge Ba\u015fkan\u0131 Fatma D\u00fcz ise g\u00f6r\u00fc\u015fmede yapt\u0131\u011f\u0131 a\u00e7\u0131klamada, Manavgat\u2019ta 2023 y\u0131l\u0131 Ocak ay\u0131nda kurulduklar\u0131n\u0131 ve 19 ki\u015filik bir ekipleri oldu\u011funu ancak direkt sahaya \u00e7\u0131kabilecek 7 ki\u015filik bir time sahip olduklar\u0131n\u0131 s\u00f6yledi. D\u00fcz; \u201c\u00d6ncelikle \u015fahs\u0131m ve TAMGAKUT ad\u0131na bizi bu anlaml\u0131 g\u00fcnde D\u00fcnya G\u00f6n\u00fcll\u00fcler G\u00fcn\u00fc vesilesiyle ziyaret ederek onurland\u0131ran MAS\u0130AD Y\u00f6netim Kurulu Ba\u015fkan\u0131 Say\u0131n M\u00fccahit Tatar\u2019a \u00e7ok \u00e7ok te\u015fekk\u00fcr ederiz. Biz uzun zamand\u0131r fark\u0131m\u0131za var\u0131lmas\u0131n\u0131 d\u00fc\u015f\u00fcn\u00fcyorduk ki, bizi onore ederek b\u00fcromuza kadar geldiler. Bizler kendisini insanl\u0131\u011fa adam\u0131\u015f, y\u00fcre\u011fi b\u00fcy\u00fck g\u00f6n\u00fcll\u00fc bir kurulu\u015fuz. Kurum ve kurulu\u015flar\u0131n Manavgat\u2019ta bizi g\u00f6rmelerini, tan\u0131malar\u0131n\u0131 ve destek vermelerini bekliyoruz. \u2018Varl\u0131\u011f\u0131m\u0131z T\u00fcrk varl\u0131\u011f\u0131na arma\u011fan olsun\u2019 diyerek \u201cinsanl\u0131\u011fa hizmet ad\u0131na biz bu yola \u00e7\u0131kt\u0131k. TAMGA Uluslararas\u0131 Arama Kurtarma ve Yard\u0131m Derne\u011fi 5. B\u00f6lge olarak merkezimiz Manavgat\u2019t\u0131r. En \u00f6nemli ve \u00f6ncelikli ihtiyac\u0131m\u0131z insan g\u00fcc\u00fcd\u00fcr, daha \u00e7ok g\u00f6n\u00fcll\u00fcy\u00fc derne\u011fimize ve aram\u0131za kat\u0131lmalar\u0131n\u0131 bekliyoruz. En \u00f6nemlisi de Ba\u015fkan\u0131m\u0131z\u0131n dedi\u011fi gibi bizim bir Hareket Merkezi\u2019ne ihtiyac\u0131m\u0131z var. Di\u011fer envanter ve malzemeleri bir \u015fekilde kar\u015f\u0131l\u0131yoruz. 6 \u015eubat depreminde ilk olarak \u0130skenderun ve hemen ard\u0131ndan Hatay Arsuz\u2019da g\u00f6rev yapt\u0131k. Manavgat yang\u0131n\u0131, \u0130zmir depremi ve uluslararas\u0131 olarak en son Libya\u2019da meydana gelen sel felaketinde TAMGA olarak bizzat Manavgat Merkezimizden hareketle yard\u0131ma ko\u015ftuk. Felaketi ya\u015fayan insanlar\u0131n sesine ses olmak ve uzatt\u0131\u011f\u0131 eli tutabilmek \u00e7ok farkl\u0131 bir duygu. Bize verilecek desteklerle biz daha \u00e7ok eli daha s\u0131k\u0131 tutarak hizmet etmek bizim en \u00f6ncelikli amac\u0131m\u0131zd\u0131r. Ya\u015fanan felaketlerde insanl\u0131k ad\u0131na \u0131rk, renk, din, milliyet ay\u0131rt etmeden sadece ve sadece insanl\u0131k ad\u0131na yard\u0131m edebilmek her duygunun \u00fczerindedir.<\/p>\n\n\n\n<p>(Haber Merkezi)<\/p>\n","protected":false},"excerpt":{"rendered":"<p>2018 y\u0131l\u0131nda Ya\u011f\u0131z K\u0131z\u0131lkaya ba\u015fkanl\u0131\u011f\u0131nda Ankara\u2019da kurulan TAMGA Uluslararas\u0131 Arama Kurtarma ve Yard\u0131m Derne\u011fi\u2019nin 5. B\u00f6lge Antalya Komuta Merkezi Manavgat\u2019\u0131 D\u00fcnya G\u00f6n\u00fcll\u00fcler G\u00fcn\u00fc nedeniyle ilk <a href=\"https:\/\/akdenizhaber.com.tr\/index.php\/2023\/12\/08\/masiaddan-gonulluler-gununde-anlamli-ziyaret\/\" class=\"read-more-link\">[more&#8230;]<\/a><\/p>\n","protected":false},"author":2,"featured_media":18502,"comment_status":"open","ping_status":"open","sticky":false,"template":"","format":"standard","meta":{"footnotes":""},"categories":[2],"tags":[],"class_list":["post-18501","post","type-post","status-publish","format-standard","has-post-thumbnail","hentry","category-gundem"],"_links":{"self":[{"href":"https:\/\/akdenizhaber.com.tr\/index.php\/wp-json\/wp\/v2\/posts\/18501","targetHints":{"allow":["GET"]}}],"collection":[{"href":"https:\/\/akdenizhaber.com.tr\/index.php\/wp-json\/wp\/v2\/posts"}],"about":[{"href":"https:\/\/akdenizhaber.com.tr\/index.php\/wp-json\/wp\/v2\/types\/post"}],"author":[{"embeddable":true,"href":"https:\/\/akdenizhaber.com.tr\/index.php\/wp-json\/wp\/v2\/users\/2"}],"replies":[{"embeddable":true,"href":"https:\/\/akdenizhaber.com.tr\/index.php\/wp-json\/wp\/v2\/comments?post=18501"}],"version-history":[{"count":0,"href":"https:\/\/akdenizhaber.com.tr\/index.php\/wp-json\/wp\/v2\/posts\/18501\/revisions"}],"wp:featuredmedia":[{"embeddable":true,"href":"https:\/\/akdenizhaber.com.tr\/index.php\/wp-json\/wp\/v2\/media\/18502"}],"wp:attachment":[{"href":"https:\/\/akdenizhaber.com.tr\/index.php\/wp-json\/wp\/v2\/media?parent=18501"}],"wp:term":[{"taxonomy":"category","embeddable":true,"href":"https:\/\/akdenizhaber.com.tr\/index.php\/wp-json\/wp\/v2\/categories?post=18501"},{"taxonomy":"post_tag","embeddable":true,"href":"https:\/\/akdenizhaber.com.tr\/index.php\/wp-json\/wp\/v2\/tags?post=18501"}],"curies":[{"name":"wp","href":"https:\/\/api.w.org\/{rel}","templated":true}]}}