{"id":18498,"date":"2023-12-08T14:13:10","date_gmt":"2023-12-08T11:13:10","guid":{"rendered":"https:\/\/akdenizhaber.com.tr\/?p=18498"},"modified":"2023-12-08T14:13:10","modified_gmt":"2023-12-08T11:13:10","slug":"bahri-cosar-iyi-partiden-istifa-etti","status":"publish","type":"post","link":"https:\/\/akdenizhaber.com.tr\/index.php\/2023\/12\/08\/bahri-cosar-iyi-partiden-istifa-etti\/","title":{"rendered":"Bahri Co\u015far \u0130yi Parti\u2019den \u0130stifa Etti\u00a0\u00a0\u00a0"},"content":{"rendered":"\n<p><\/p>\n\n\n\n<p>\u0130yi Parti Manavgat \u0130l\u00e7e te\u015fkilat\u0131n\u0131n kuruldu\u011fu g\u00fcnden bu yana \u00fcyesi ve delegesi olan emekli idareci ve&nbsp; \u00f6\u011fretmen siyaseten Manavgat\u2019\u0131n yak\u0131ndan tan\u0131d\u0131\u011f\u0131 Bahri Co\u015far ge\u00e7ti\u011fimiz g\u00fcn \u0130yi partiden istifa etti\u011fine dair dilek\u00e7esini \u0130yi Parti Manavgat te\u015fkilat\u0131na sundu.<\/p>\n\n\n\n<p>\u201c\u0130l\u00e7e \u0130yi Parti delegeli\u011finden ve \u00fcyeli\u011finden parti genel merkezindeki d\u00f6nen ve yap\u0131lan yanl\u0131\u015flardan dolay\u0131 istifa ediyorum\u201d diyerek istifa eden Bahri Co\u015far, bug\u00fcne dek \u0130yi parti \u00e7at\u0131s\u0131 alt\u0131nda \u00fcyelik, delegelik, sand\u0131k kurulu ba\u015fkanl\u0131\u011f\u0131 ve \u00fcyeli\u011fi de yapt\u0131\u011f\u0131n\u0131 s\u00f6zlerine ekledi.<br>(Haber Merkezi)<\/p>\n","protected":false},"excerpt":{"rendered":"<p>\u0130yi Parti Manavgat \u0130l\u00e7e te\u015fkilat\u0131n\u0131n kuruldu\u011fu g\u00fcnden bu yana \u00fcyesi ve delegesi olan emekli idareci ve&nbsp; \u00f6\u011fretmen siyaseten Manavgat\u2019\u0131n yak\u0131ndan tan\u0131d\u0131\u011f\u0131 Bahri Co\u015far ge\u00e7ti\u011fimiz g\u00fcn <a href=\"https:\/\/akdenizhaber.com.tr\/index.php\/2023\/12\/08\/bahri-cosar-iyi-partiden-istifa-etti\/\" class=\"read-more-link\">[more&#8230;]<\/a><\/p>\n","protected":false},"author":2,"featured_media":18499,"comment_status":"open","ping_status":"open","sticky":false,"template":"","format":"standard","meta":{"footnotes":""},"categories":[2],"tags":[],"class_list":["post-18498","post","type-post","status-publish","format-standard","has-post-thumbnail","hentry","category-gundem"],"_links":{"self":[{"href":"https:\/\/akdenizhaber.com.tr\/index.php\/wp-json\/wp\/v2\/posts\/18498","targetHints":{"allow":["GET"]}}],"collection":[{"href":"https:\/\/akdenizhaber.com.tr\/index.php\/wp-json\/wp\/v2\/posts"}],"about":[{"href":"https:\/\/akdenizhaber.com.tr\/index.php\/wp-json\/wp\/v2\/types\/post"}],"author":[{"embeddable":true,"href":"https:\/\/akdenizhaber.com.tr\/index.php\/wp-json\/wp\/v2\/users\/2"}],"replies":[{"embeddable":true,"href":"https:\/\/akdenizhaber.com.tr\/index.php\/wp-json\/wp\/v2\/comments?post=18498"}],"version-history":[{"count":0,"href":"https:\/\/akdenizhaber.com.tr\/index.php\/wp-json\/wp\/v2\/posts\/18498\/revisions"}],"wp:featuredmedia":[{"embeddable":true,"href":"https:\/\/akdenizhaber.com.tr\/index.php\/wp-json\/wp\/v2\/media\/18499"}],"wp:attachment":[{"href":"https:\/\/akdenizhaber.com.tr\/index.php\/wp-json\/wp\/v2\/media?parent=18498"}],"wp:term":[{"taxonomy":"category","embeddable":true,"href":"https:\/\/akdenizhaber.com.tr\/index.php\/wp-json\/wp\/v2\/categories?post=18498"},{"taxonomy":"post_tag","embeddable":true,"href":"https:\/\/akdenizhaber.com.tr\/index.php\/wp-json\/wp\/v2\/tags?post=18498"}],"curies":[{"name":"wp","href":"https:\/\/api.w.org\/{rel}","templated":true}]}}