{"id":18476,"date":"2023-12-08T14:05:09","date_gmt":"2023-12-08T11:05:09","guid":{"rendered":"https:\/\/akdenizhaber.com.tr\/?p=18476"},"modified":"2023-12-08T14:05:09","modified_gmt":"2023-12-08T11:05:09","slug":"asatta-arac-filosu-yenilendi","status":"publish","type":"post","link":"https:\/\/akdenizhaber.com.tr\/index.php\/2023\/12\/08\/asatta-arac-filosu-yenilendi\/","title":{"rendered":"Asat\u2019ta Ara\u00e7 Filosu yenilendi"},"content":{"rendered":"\n<p><\/p>\n\n\n\n<p>Antalya B\u00fcy\u00fck\u015fehir Belediyesi ASAT Genel M\u00fcd\u00fcrl\u00fc\u011f\u00fc daha etkin ve h\u0131zl\u0131 m\u00fcdahalelerde bulunabilmek i\u00e7in teknik ara\u00e7 park\u0131na yenilerini ekledi. Do\u011fal afetlerde acil durum merkezi i\u015flevi g\u00f6ren Mobil Afet Koordinasyon T\u0131r\u0131, vidanj\u00f6r, kombine kanal a\u00e7ma arac\u0131 ve temiz su araz\u00f6z\u00fc gibi hizmet ara\u00e7lar\u0131yla filo geni\u015fletildi.<\/p>\n\n\n\n<p>Antalya&#8217;n\u0131n 19 il\u00e7e ve 913 mahallesinde hizmet veren Antalya B\u00fcy\u00fck\u015fehir Belediyesi ASAT Genel M\u00fcd\u00fcrl\u00fc\u011f\u00fc, daha h\u0131zl\u0131 ve kaliteli hizmet sunmak amac\u0131yla ara\u00e7 filosunu geni\u015fletmeye devam ediyor. Bu kapsamda yakla\u015f\u0131k 20 milyon lira yat\u0131r\u0131mlaA SAT\u2019\u0131n ara\u00e7 filosuna son teknoloji donan\u0131ma sahip hizmet ara\u00e7lar\u0131 eklendi. Yeni al\u0131nan bir adet Mobil Afet Koordinasyon Dorsesi ve T\u0131r\u0131, bir adet vidanj\u00f6r, bir adet kombine kanal a\u00e7ma arac\u0131 ve bir adet temiz su araz\u00f6z\u00fc ile ASAT\u2019\u0131n ara\u00e7 say\u0131s\u0131 bin 803\u2019e \u00e7\u0131kt\u0131.<\/p>\n\n\n\n<p>AFETLERE ANINDA M\u00dcDAHALE<\/p>\n\n\n\n<p>Ara\u00e7 filosunu her ge\u00e7en g\u00fcn ald\u0131\u011f\u0131 ara\u00e7larla gen\u00e7le\u015ftiren Antalya B\u00fcy\u00fck\u015fehir Belediyesi\u2019nin hizmet standartlar\u0131n\u0131 y\u00fckseltmeyi s\u00fcrd\u00fcrd\u00fc\u011f\u00fcn\u00fc s\u00f6yleyen ASAT Genel M\u00fcd\u00fcrl\u00fc\u011f\u00fc Makine Bak\u0131m Onar\u0131m \u015eube M\u00fcd\u00fcr\u00fc Do\u011fan Karag\u00f6z, \u201cGeli\u015fen teknolojileri yak\u0131ndan takip ederek merkez ve il\u00e7elerdeki vatanda\u015flar\u0131m\u0131za h\u0131zl\u0131 hizmet g\u00f6t\u00fcrebilmek ve hizmet kalitemizi y\u00fckseltmek amac\u0131yla kurumun makine park\u0131n\u0131 g\u00fc\u00e7lendiriyoruz. \u00dclkemizde ve b\u00f6lgemizdeki ya\u015fanabilecek deprem, sel ve orman yang\u0131n\u0131 gibi do\u011fal afetlerde acil koordinasyonu ve ileti\u015fimi sa\u011flayarak b\u00f6lgedeki ekiplere yard\u0131mc\u0131 olmak ad\u0131na Mobil Afet Koordinasyon T\u0131r\u0131, B\u00fcy\u00fck\u015fehir Belediyesi ASAT Genel M\u00fcd\u00fcrl\u00fc\u011f\u00fc b\u00fcnyesine dahil edildi. B\u00f6ylece afetin meydana geldi\u011fi sahalara h\u0131zla hareket edip konumlanarak \u00e7al\u0131\u015fmalar\u0131n y\u00fcr\u00fct\u00fclmesi sa\u011flanacak\u201d dedi.<\/p>\n\n\n\n<p>MODERN TEKNOLOJ\u0130 VE HIZLI \u00c7\u00d6Z\u00dcM<\/p>\n\n\n\n<p>Karag\u00f6z, ileri teknoloji ve y\u00fcksek kapasiteye sahip hizmet ara\u00e7lar\u0131ndan biri olan kombine kanal a\u00e7ma ve temizleme arac\u0131 hakk\u0131nda \u015fu bilgileri verdi: \u201cHem kanal y\u0131kama hem de at\u0131k emi\u015fi i\u00e7in geli\u015ftirilen etkin bir ara\u00e7. Y\u00fcksek bas\u0131n\u00e7l\u0131 su sistemi ile hat i\u00e7erisinde yer alan at\u0131klar\u0131n par\u00e7alanarak r\u00f6gar bacalar\u0131na s\u00fcr\u00fcklenmesini ve tahliye edilen at\u0131\u011f\u0131n vakum sistemiyle emilip hatt\u0131n temizlenmesini sa\u011fl\u0131yor.\u201d<\/p>\n\n\n\n<p>ASAT, yeni ara\u00e7lar\u0131yla birlikte imalat, i\u00e7me suyu ve kanalizasyon hatlar\u0131n\u0131n tamam\u0131nda h\u0131zl\u0131 bir hizmet vermeye devam edecek.<\/p>\n\n\n\n<p>Antalya B\u00fcy\u00fck\u015fehir Belediyesi \/ B\u00fclten<\/p>\n","protected":false},"excerpt":{"rendered":"<p>Antalya B\u00fcy\u00fck\u015fehir Belediyesi ASAT Genel M\u00fcd\u00fcrl\u00fc\u011f\u00fc daha etkin ve h\u0131zl\u0131 m\u00fcdahalelerde bulunabilmek i\u00e7in teknik ara\u00e7 park\u0131na yenilerini ekledi. Do\u011fal afetlerde acil durum merkezi i\u015flevi g\u00f6ren <a href=\"https:\/\/akdenizhaber.com.tr\/index.php\/2023\/12\/08\/asatta-arac-filosu-yenilendi\/\" class=\"read-more-link\">[more&#8230;]<\/a><\/p>\n","protected":false},"author":2,"featured_media":18477,"comment_status":"open","ping_status":"open","sticky":false,"template":"","format":"standard","meta":{"footnotes":""},"categories":[2],"tags":[],"class_list":["post-18476","post","type-post","status-publish","format-standard","has-post-thumbnail","hentry","category-gundem"],"_links":{"self":[{"href":"https:\/\/akdenizhaber.com.tr\/index.php\/wp-json\/wp\/v2\/posts\/18476","targetHints":{"allow":["GET"]}}],"collection":[{"href":"https:\/\/akdenizhaber.com.tr\/index.php\/wp-json\/wp\/v2\/posts"}],"about":[{"href":"https:\/\/akdenizhaber.com.tr\/index.php\/wp-json\/wp\/v2\/types\/post"}],"author":[{"embeddable":true,"href":"https:\/\/akdenizhaber.com.tr\/index.php\/wp-json\/wp\/v2\/users\/2"}],"replies":[{"embeddable":true,"href":"https:\/\/akdenizhaber.com.tr\/index.php\/wp-json\/wp\/v2\/comments?post=18476"}],"version-history":[{"count":0,"href":"https:\/\/akdenizhaber.com.tr\/index.php\/wp-json\/wp\/v2\/posts\/18476\/revisions"}],"wp:featuredmedia":[{"embeddable":true,"href":"https:\/\/akdenizhaber.com.tr\/index.php\/wp-json\/wp\/v2\/media\/18477"}],"wp:attachment":[{"href":"https:\/\/akdenizhaber.com.tr\/index.php\/wp-json\/wp\/v2\/media?parent=18476"}],"wp:term":[{"taxonomy":"category","embeddable":true,"href":"https:\/\/akdenizhaber.com.tr\/index.php\/wp-json\/wp\/v2\/categories?post=18476"},{"taxonomy":"post_tag","embeddable":true,"href":"https:\/\/akdenizhaber.com.tr\/index.php\/wp-json\/wp\/v2\/tags?post=18476"}],"curies":[{"name":"wp","href":"https:\/\/api.w.org\/{rel}","templated":true}]}}