{"id":18460,"date":"2023-12-07T13:07:37","date_gmt":"2023-12-07T10:07:37","guid":{"rendered":"https:\/\/akdenizhaber.com.tr\/?p=18460"},"modified":"2023-12-07T13:07:37","modified_gmt":"2023-12-07T10:07:37","slug":"hastane-personeline-umke-egitimi","status":"publish","type":"post","link":"https:\/\/akdenizhaber.com.tr\/index.php\/2023\/12\/07\/hastane-personeline-umke-egitimi\/","title":{"rendered":"Hastane Personeline UMKE E\u011fitimi"},"content":{"rendered":"\n<p><\/p>\n\n\n\n<p>1-7 Aral\u0131k Acil Sa\u011fl\u0131k Hizmetler Haftas\u0131 etkinlikleri kapsam\u0131nda Manavgat Devlet Hastanesi\u2019nde<\/p>\n\n\n\n<p>\u0130lgili personellere UMKE bilgilendirme e\u011fitimi verildi. Hastane e\u011fitim salonunda Acil Servis Hem\u015firesi ve ayn\u0131 zamanda UMKE personeli Ay\u015feg\u00fcl Kara taraf\u0131ndan poliklinik sekreterlerine y\u00f6nelik verilen e\u011fitimin haz\u0131rlanmas\u0131nda ayr\u0131ca Poliklinik Sorumlu Hem\u015fire G\u00fclen Y\u0131ld\u0131r\u0131m ve E\u011fitim Hem\u015firesi Filiz Aksan\u2019da g\u00f6rev ald\u0131lar.<\/p>\n\n\n\n<p>Manavgat Devlet Hastanesi Ba\u015fhekimi Mehmet Deniz e\u011fitimde eme\u011fi ge\u00e7enlere te\u015fekk\u00fcr etti.<\/p>\n\n\n\n<p>(Haber Merkezi)<\/p>\n","protected":false},"excerpt":{"rendered":"<p>1-7 Aral\u0131k Acil Sa\u011fl\u0131k Hizmetler Haftas\u0131 etkinlikleri kapsam\u0131nda Manavgat Devlet Hastanesi\u2019nde \u0130lgili personellere UMKE bilgilendirme e\u011fitimi verildi. Hastane e\u011fitim salonunda Acil Servis Hem\u015firesi ve ayn\u0131 <a href=\"https:\/\/akdenizhaber.com.tr\/index.php\/2023\/12\/07\/hastane-personeline-umke-egitimi\/\" class=\"read-more-link\">[more&#8230;]<\/a><\/p>\n","protected":false},"author":2,"featured_media":18461,"comment_status":"open","ping_status":"open","sticky":false,"template":"","format":"standard","meta":{"footnotes":""},"categories":[2],"tags":[],"class_list":["post-18460","post","type-post","status-publish","format-standard","has-post-thumbnail","hentry","category-gundem"],"_links":{"self":[{"href":"https:\/\/akdenizhaber.com.tr\/index.php\/wp-json\/wp\/v2\/posts\/18460","targetHints":{"allow":["GET"]}}],"collection":[{"href":"https:\/\/akdenizhaber.com.tr\/index.php\/wp-json\/wp\/v2\/posts"}],"about":[{"href":"https:\/\/akdenizhaber.com.tr\/index.php\/wp-json\/wp\/v2\/types\/post"}],"author":[{"embeddable":true,"href":"https:\/\/akdenizhaber.com.tr\/index.php\/wp-json\/wp\/v2\/users\/2"}],"replies":[{"embeddable":true,"href":"https:\/\/akdenizhaber.com.tr\/index.php\/wp-json\/wp\/v2\/comments?post=18460"}],"version-history":[{"count":0,"href":"https:\/\/akdenizhaber.com.tr\/index.php\/wp-json\/wp\/v2\/posts\/18460\/revisions"}],"wp:featuredmedia":[{"embeddable":true,"href":"https:\/\/akdenizhaber.com.tr\/index.php\/wp-json\/wp\/v2\/media\/18461"}],"wp:attachment":[{"href":"https:\/\/akdenizhaber.com.tr\/index.php\/wp-json\/wp\/v2\/media?parent=18460"}],"wp:term":[{"taxonomy":"category","embeddable":true,"href":"https:\/\/akdenizhaber.com.tr\/index.php\/wp-json\/wp\/v2\/categories?post=18460"},{"taxonomy":"post_tag","embeddable":true,"href":"https:\/\/akdenizhaber.com.tr\/index.php\/wp-json\/wp\/v2\/tags?post=18460"}],"curies":[{"name":"wp","href":"https:\/\/api.w.org\/{rel}","templated":true}]}}