{"id":18454,"date":"2023-12-07T13:06:10","date_gmt":"2023-12-07T10:06:10","guid":{"rendered":"https:\/\/akdenizhaber.com.tr\/?p=18454"},"modified":"2023-12-07T13:06:11","modified_gmt":"2023-12-07T10:06:11","slug":"benzetildigi-ataturku-tanidi-turkiyeye-hayranligi-artti","status":"publish","type":"post","link":"https:\/\/akdenizhaber.com.tr\/index.php\/2023\/12\/07\/benzetildigi-ataturku-tanidi-turkiyeye-hayranligi-artti\/","title":{"rendered":"Benzetildi\u011fi Atat\u00fcrk\u2019\u00fc Tan\u0131d\u0131, T\u00fcrkiye\u2019ye Hayranl\u0131\u011f\u0131 Artt\u0131"},"content":{"rendered":"\n<p><\/p>\n\n\n\n<p>T\u00fcrkiye\u2019ye ilk kez 1987 y\u0131l\u0131nda balay\u0131na gelen Alman vatanda\u015f\u0131 Horst Scheurich, Mustafa Kemal Atat\u00fcrk\u2019e benzerli\u011fiyle dikkat \u00e7ekiyor. T\u00fcrkiye\u2019ye 30. kez gelen Alman turist Atat\u00fcrk\u2019e benzedi\u011fini \u00f6\u011frendikten sonra hayat\u0131n\u0131 ara\u015ft\u0131rd\u0131\u011f\u0131 Atat\u00fcrk ve onun kurdu\u011fu T\u00fcrkiye Cumhuriyeti\u2019ne hayranl\u0131\u011f\u0131n\u0131n artt\u0131\u011f\u0131n\u0131 s\u00f6yledi.<\/p>\n\n\n\n<p>T\u00fcrkiye\u2019ye ilk kez 1987 y\u0131l\u0131nda balay\u0131na gelen Alman vatanda\u015f\u0131 Horst Scheurich Mustafa Kemal Atat\u00fcrk\u2019e benzerli\u011fiyle dikkat \u00e7ekiyor. T\u00fcrkiye\u2019ye 30. kez gelen Alman turist Atat\u00fcrk\u2019e benzedi\u011fini \u00f6\u011frendikten sonra&nbsp;&nbsp; Atat\u00fcrk ve T\u00fcrkiye\u2019ye hayranl\u0131\u011f\u0131n\u0131n artt\u0131\u011f\u0131n\u0131 s\u00f6yledi.<\/p>\n\n\n\n<p>\u2018T\u00dcRK\u0130YE \u0130K\u0130NC\u0130 MEMLEKET\u0130M\u2019<\/p>\n\n\n\n<p>&nbsp;\u201c\u0130lk tatilimi 1987 y\u0131l\u0131nda burada ge\u00e7irdim, e\u015fimle balay\u0131ndayd\u0131k ve T\u00fcrkiye\u00b4yi o kadar \u00e7ok sevdim ki, sonradan pek \u00e7ok kez geldim. Tam olarak bilmiyorum ka\u00e7 defa geldi\u011fimi. 30 kere gelmi\u015fimdir. Her zaman g\u00fczeldi buras\u0131. K\u0131\u015f\u0131n bile burada \u00e7ok fazla turist var. \u00c7\u00fcnk\u00fc Almanya\u00b4da hava o kadar g\u00fczel de\u011fil ve burada hava ger\u00e7ekten harika ve r\u00fczgarl\u0131. Burada ayn\u0131 zamanda k\u00fclt\u00fcrel \u015feyleri deneyimleme f\u0131rsat\u0131m\u0131z da var ve bu ger\u00e7ekten \u00e7ok g\u00fczel ve bu y\u00fczden buray\u0131 seviyorum ve her \u015feyden \u00f6nce buradaki insanlar her daim bizi iyi hizmetleriyle kar\u015f\u0131l\u0131yor, asl\u0131nda buras\u0131&nbsp; benim ikinci memleketim.\u201d<\/p>\n\n\n\n<p>\u2018MERHABA ATAT\u00dcRK!&nbsp; DED\u0130LER\u2019<\/p>\n\n\n\n<p>&nbsp;\u201cUzun zaman oldu buraya geleli ve sonra birisi Atat\u00fcrk\u00b4e benziyorsun dedi. Otelde animasyonlar hep birlikte \u2018Merhaba Atat\u00fcrk! dedi. Neler oldu\u011funu anlamad\u0131m ve ne oldu bilmiyorum ama baz\u0131 insanlar \u00f6yle s\u00f6yl\u00fcyor ve sonra bakt\u0131m, okudum ve g\u00f6rd\u00fcm. Atat\u00fcrk T\u00fcrkiye\u00b4nin babas\u0131d\u0131r, her \u015feyiyle modern T\u00fcrkiye\u00b4yi kurmu\u015ftur, Osmanl\u0131 \u0130mparatorlu\u011fu\u00b4nun \u00e7ok uluslu devletini, bug\u00fcn bir\u00e7ok siyaset\u00e7inin ba\u015faramad\u0131\u011f\u0131 bir ulus devlete d\u00f6n\u00fc\u015ft\u00fcrerek, t\u00fcm T\u00fcrkleri yaratan modern bir birlik olu\u015fturmu\u015ftur, O d\u00f6nemde kad\u0131nlar i\u00e7in de olumlu y\u00f6nde pek \u00e7ok \u015fey de\u011fi\u015fti. Kur\u00b4an\u00b4\u0131 T\u00fcrk\u00e7eye terc\u00fcme ettirdi \u0130\u015fte bu y\u00fczden Atat\u00fcrk\u00b4\u00fcn hayat\u0131 boyunca yapt\u0131\u011f\u0131 \u00e7al\u0131\u015fmalara sayg\u0131 duyuyorum. \u00c7\u00fcnk\u00fc o ger\u00e7ekten bir \u015fey yaratt\u0131, insanlar i\u00e7in asl\u0131nda \u00e7ok olumlu olan bir birlik kurdu ve bu y\u00fczden hala onunla ya\u015f\u0131yorlar ve bence bu iyi.\u201d<\/p>\n\n\n\n<p>\u2018HER YERDE SAVA\u015e VE KAVGA VAR\u2019<\/p>\n\n\n\n<p>&nbsp;\u201cAtat\u00fcrk\u00b4\u00fcn temel d\u00fc\u015f\u00fcncesi, b\u00f6l\u00fcnm\u00fc\u015f bir\u00e7ok insan\u0131 bir ulus devlet ve birlik haline getirmekti. Bug\u00fcnk\u00fc siyasi duruma bakt\u0131\u011f\u0131n\u0131zda her yerde sava\u015f, kavga, \u00f6l\u00fcm var ve \u015funu s\u00f6ylemek gerekir ki Atat\u00fcrk birbiriyle birlik olmu\u015f, birbirini anlam\u0131\u015f ve asl\u0131nda bar\u0131\u015f\u0131 b\u00f6yle sa\u011flam\u0131\u015f, mutlu ya\u015fam\u0131\u015f ve bu g\u00fcnlerde bu ger\u00e7ekten \u00e7ok nadir\u201d<\/p>\n\n\n\n<p>\u2018\u0130Y\u0130 H\u0130ZMET ALIYORUZ\u2019<\/p>\n\n\n\n<p>\u201cBurada kendimi \u00e7ok rahat hissediyorum ve burada ya\u015fayan insanlar gibi hissediyorum, Burada ki Almanlar da rahat hissediyor. Bir\u00e7ok insan\u0131n buraya&nbsp; 20. kez gelmesi bu y\u00fczden.&nbsp; \u00c7\u00fcnk\u00fc dostane bir kar\u015f\u0131lama, ho\u015f insanlar, iyi hizmet al\u0131yor ve rahatlayabiliyoruz, Buraya gelen Alman vatanda\u015flar\u0131 da benim gibi kendilerini daha \u00e7ok evlerindeymi\u015f gibi hissediyorlar ve burada emin ellerdeler\u201d<\/p>\n\n\n\n<p>(Haber Merkezi)<\/p>\n","protected":false},"excerpt":{"rendered":"<p>T\u00fcrkiye\u2019ye ilk kez 1987 y\u0131l\u0131nda balay\u0131na gelen Alman vatanda\u015f\u0131 Horst Scheurich, Mustafa Kemal Atat\u00fcrk\u2019e benzerli\u011fiyle dikkat \u00e7ekiyor. T\u00fcrkiye\u2019ye 30. kez gelen Alman turist Atat\u00fcrk\u2019e benzedi\u011fini <a href=\"https:\/\/akdenizhaber.com.tr\/index.php\/2023\/12\/07\/benzetildigi-ataturku-tanidi-turkiyeye-hayranligi-artti\/\" class=\"read-more-link\">[more&#8230;]<\/a><\/p>\n","protected":false},"author":2,"featured_media":18455,"comment_status":"open","ping_status":"open","sticky":false,"template":"","format":"standard","meta":{"footnotes":""},"categories":[2],"tags":[],"class_list":["post-18454","post","type-post","status-publish","format-standard","has-post-thumbnail","hentry","category-gundem"],"_links":{"self":[{"href":"https:\/\/akdenizhaber.com.tr\/index.php\/wp-json\/wp\/v2\/posts\/18454","targetHints":{"allow":["GET"]}}],"collection":[{"href":"https:\/\/akdenizhaber.com.tr\/index.php\/wp-json\/wp\/v2\/posts"}],"about":[{"href":"https:\/\/akdenizhaber.com.tr\/index.php\/wp-json\/wp\/v2\/types\/post"}],"author":[{"embeddable":true,"href":"https:\/\/akdenizhaber.com.tr\/index.php\/wp-json\/wp\/v2\/users\/2"}],"replies":[{"embeddable":true,"href":"https:\/\/akdenizhaber.com.tr\/index.php\/wp-json\/wp\/v2\/comments?post=18454"}],"version-history":[{"count":0,"href":"https:\/\/akdenizhaber.com.tr\/index.php\/wp-json\/wp\/v2\/posts\/18454\/revisions"}],"wp:featuredmedia":[{"embeddable":true,"href":"https:\/\/akdenizhaber.com.tr\/index.php\/wp-json\/wp\/v2\/media\/18455"}],"wp:attachment":[{"href":"https:\/\/akdenizhaber.com.tr\/index.php\/wp-json\/wp\/v2\/media?parent=18454"}],"wp:term":[{"taxonomy":"category","embeddable":true,"href":"https:\/\/akdenizhaber.com.tr\/index.php\/wp-json\/wp\/v2\/categories?post=18454"},{"taxonomy":"post_tag","embeddable":true,"href":"https:\/\/akdenizhaber.com.tr\/index.php\/wp-json\/wp\/v2\/tags?post=18454"}],"curies":[{"name":"wp","href":"https:\/\/api.w.org\/{rel}","templated":true}]}}