{"id":18448,"date":"2023-12-07T13:04:35","date_gmt":"2023-12-07T10:04:35","guid":{"rendered":"https:\/\/akdenizhaber.com.tr\/?p=18448"},"modified":"2023-12-07T13:04:36","modified_gmt":"2023-12-07T10:04:36","slug":"kepezsporda-hedef-sampiyonluk","status":"publish","type":"post","link":"https:\/\/akdenizhaber.com.tr\/index.php\/2023\/12\/07\/kepezsporda-hedef-sampiyonluk\/","title":{"rendered":"Kepezspor\u2019da Hedef \u015eampiyonluk"},"content":{"rendered":"\n<p><\/p>\n\n\n\n<p>Pazar g\u00fcn\u00fc deplasmanda Ayval\u0131kg\u00fcc\u00fc ile kar\u015f\u0131la\u015facak olan Kepezspor&#8217;a ba\u015fkanlardan b\u00fcy\u00fck destek geldi.<\/p>\n\n\n\n<p>T\u00fcrkiye 3. Lig 1. Grupta \u015fampiyonluk kovalayan ve puan s\u0131ralamas\u0131nda lig 2.si olan Kepezspor&#8217;da Teknik heyet ve futbolculara ba\u015fkanlardan b\u00fcy\u00fck destek var.<\/p>\n\n\n\n<p>&nbsp;Ayval\u0131kg\u00fcc\u00fc ma\u00e7\u0131 \u00f6ncesi tak\u0131m\u0131 ziyaret eden Onursal Ba\u015fkan Mustafa Y\u0131lmaz, Kepezspor Ba\u015fkan\u0131 \u0130smail \u0130ltemir ve \u0130kinci Ba\u015fkan M\u00fcrsel Can, \u201cSizlere g\u00fcveniyoruz.\u201d dediler. Kepezspor&#8217;un Onursal Ba\u015fkan\u0131 Mustafa Y\u0131lmaz, antrenman \u00f6ncesi futbolcular ile soyunma odas\u0131nda bir araya geldi.<\/p>\n\n\n\n<p>&nbsp;Lig uzun bir maraton diyen Onursal Ba\u015fkan Y\u0131lmaz, &#8220;Biz sizin sonuna kadar yan\u0131n\u0131zday\u0131z. Bizim hedefimiz ligde \u015fampiyon olarak bu kupay\u0131 Antalya&#8217;ya getirmek in\u015fallah.&#8221; diye konu\u015ftu.<\/p>\n\n\n\n<p>Kepezspor \/ B\u00fclten<\/p>\n","protected":false},"excerpt":{"rendered":"<p>Pazar g\u00fcn\u00fc deplasmanda Ayval\u0131kg\u00fcc\u00fc ile kar\u015f\u0131la\u015facak olan Kepezspor&#8217;a ba\u015fkanlardan b\u00fcy\u00fck destek geldi. T\u00fcrkiye 3. Lig 1. Grupta \u015fampiyonluk kovalayan ve puan s\u0131ralamas\u0131nda lig 2.si olan <a href=\"https:\/\/akdenizhaber.com.tr\/index.php\/2023\/12\/07\/kepezsporda-hedef-sampiyonluk\/\" class=\"read-more-link\">[more&#8230;]<\/a><\/p>\n","protected":false},"author":2,"featured_media":18449,"comment_status":"open","ping_status":"open","sticky":false,"template":"","format":"standard","meta":{"footnotes":""},"categories":[2],"tags":[],"class_list":["post-18448","post","type-post","status-publish","format-standard","has-post-thumbnail","hentry","category-gundem"],"_links":{"self":[{"href":"https:\/\/akdenizhaber.com.tr\/index.php\/wp-json\/wp\/v2\/posts\/18448","targetHints":{"allow":["GET"]}}],"collection":[{"href":"https:\/\/akdenizhaber.com.tr\/index.php\/wp-json\/wp\/v2\/posts"}],"about":[{"href":"https:\/\/akdenizhaber.com.tr\/index.php\/wp-json\/wp\/v2\/types\/post"}],"author":[{"embeddable":true,"href":"https:\/\/akdenizhaber.com.tr\/index.php\/wp-json\/wp\/v2\/users\/2"}],"replies":[{"embeddable":true,"href":"https:\/\/akdenizhaber.com.tr\/index.php\/wp-json\/wp\/v2\/comments?post=18448"}],"version-history":[{"count":0,"href":"https:\/\/akdenizhaber.com.tr\/index.php\/wp-json\/wp\/v2\/posts\/18448\/revisions"}],"wp:featuredmedia":[{"embeddable":true,"href":"https:\/\/akdenizhaber.com.tr\/index.php\/wp-json\/wp\/v2\/media\/18449"}],"wp:attachment":[{"href":"https:\/\/akdenizhaber.com.tr\/index.php\/wp-json\/wp\/v2\/media?parent=18448"}],"wp:term":[{"taxonomy":"category","embeddable":true,"href":"https:\/\/akdenizhaber.com.tr\/index.php\/wp-json\/wp\/v2\/categories?post=18448"},{"taxonomy":"post_tag","embeddable":true,"href":"https:\/\/akdenizhaber.com.tr\/index.php\/wp-json\/wp\/v2\/tags?post=18448"}],"curies":[{"name":"wp","href":"https:\/\/api.w.org\/{rel}","templated":true}]}}