{"id":18445,"date":"2023-12-07T13:03:10","date_gmt":"2023-12-07T10:03:10","guid":{"rendered":"https:\/\/akdenizhaber.com.tr\/?p=18445"},"modified":"2023-12-07T13:03:11","modified_gmt":"2023-12-07T10:03:11","slug":"turkan-soray-onur-konugu-oldu","status":"publish","type":"post","link":"https:\/\/akdenizhaber.com.tr\/index.php\/2023\/12\/07\/turkan-soray-onur-konugu-oldu\/","title":{"rendered":"T\u00fcrkan \u015eoray onur konu\u011fu oldu"},"content":{"rendered":"\n<p><\/p>\n\n\n\n<p>Ye\u015fil\u00e7am\u2019\u0131n Sultan\u0131 T\u00fcrkan \u015eoray, Antalya\u2019da Muratpa\u015fa Belediyesi\u2019nin 5 Aral\u0131k T\u00fcrkiye\u2019de kad\u0131nlara se\u00e7me ve se\u00e7ilme hakk\u0131n\u0131n tan\u0131nmas\u0131n\u0131n y\u0131l d\u00f6n\u00fcm\u00fc dolay\u0131s\u0131yla d\u00fczenledi\u011fi program\u0131n onur konu\u011fu oldu.<\/p>\n\n\n\n<p>Antalya\u2019da Muratpa\u015fa Belediyesi, T\u00fcrkiye\u2019de kad\u0131nlara se\u00e7me ve se\u00e7ilme hakk\u0131n\u0131n tan\u0131nmas\u0131n\u0131n 89\u2019uncu y\u0131l d\u00f6n\u00fcm\u00fcnde, Antalya Alt\u0131n Portakal Film Festivali\u2019nin ilk \u2018En iyi kad\u0131n oyuncu\u2019 \u00f6d\u00fcl\u00fcn\u00fcn sahibi, T\u00fcrk sinemas\u0131n\u0131n sultan\u0131 T\u00fcrkan \u015eoray\u2019\u0131 a\u011f\u0131rlad\u0131. Muratpa\u015fa Belediyesi\u2019nin 2018\u2019de a\u00e7\u0131l\u0131\u015f\u0131n\u0131 ger\u00e7ekle\u015ftirdi\u011fi ve \u00fcnl\u00fc y\u0131ld\u0131zla ayn\u0131 ad\u0131 ta\u015f\u0131yan k\u00fclt\u00fcr merkezinde d\u00fczenlenen programa Antalyal\u0131lar yo\u011fun ilgi g\u00f6sterdi. Geceye, Belediye Ba\u015fkan\u0131 \u00dcmit Uysal, e\u015fi \u00dcmran Uysal\u2019la kat\u0131ld\u0131.<br>\u2018S\u0130NEMA BEN\u0130M \u00dcN\u0130VERS\u0130TEM\u2019<br>Bircan Usall\u0131 Silan moderat\u00f6rl\u00fc\u011f\u00fcnde ger\u00e7ekle\u015fen s\u00f6yle\u015fide \u015eoray, e\u011fitimini yar\u0131da b\u0131rakmak zorunda kald\u0131\u011f\u0131n\u0131 belirterek \u201cSinema benim \u00fcniversitem oldu\u201d dedi. Her \u015feyin ba\u015f\u0131n\u0131n e\u011fitim oldu\u011funa dikkat \u00e7eken \u015eoray, T\u00fcrk sinemas\u0131nda oynad\u0131\u011f\u0131 \u00f6\u011fretmen ve benzeri bir\u00e7ok kad\u0131n karakter rol\u00fcyle b\u00fct\u00fcnle\u015ferek hayat\u0131 tan\u0131y\u0131p \u00f6\u011frenme f\u0131rsat\u0131 buldu\u011funu ifade etti. Muratpa\u015fa Belediyesi\u2019nin kad\u0131n dan\u0131\u015fma merkezleri, Mor Makas, Al Yazma, kad\u0131n kooperatifleri gibi projelerini yak\u0131ndan takip etti\u011fini ifade eden \u015eoray, kad\u0131n\u0131n sosyal hayata daha aktif kat\u0131l\u0131m\u0131n\u0131 sa\u011flayan sosyal belediyecilik anlay\u0131\u015f\u0131yla \u00e7al\u0131\u015ft\u0131\u011f\u0131 i\u00e7in Ba\u015fkan Uysal\u2019\u0131 tebrik etti.<br>HAYATA DOKUNMAYA \u00c7ALI\u015eIYORUZ<br>Ba\u015fkan Uysal ise bug\u00fcn say\u0131lar\u0131 3 olan kad\u0131n dan\u0131\u015fma merkezlerinde&nbsp;3 bin 226 kad\u0131na dan\u0131\u015fmanl\u0131k hizmeti verdiklerini s\u00f6yledi. \u201cSosyal hizmetleri geni\u015f tan\u0131mlayan bir belediye ne yaparsa kad\u0131nlara de\u011finiyor\u201d diyen Uysal, Kad\u0131n Kooperatifleri \u00dcr\u00fcn Sat\u0131\u015f Ma\u011fazas\u0131, ya\u015fl\u0131 evleri, engelli ve evde bak\u0131m hizmetleri gibi \u00e7al\u0131\u015fmalarla kad\u0131nlar\u0131n hayat\u0131n\u0131 dokunmaya, de\u011fi\u015ftirmeye \u00e7al\u0131\u015ft\u0131klar\u0131n\u0131 s\u00f6yledi. Belediye y\u00f6neticilerinin \u00f6nemli y\u00fczdesinin de kad\u0131nlardan olu\u015ftu\u011funu ifade eden Ba\u015fkan Uysal \u201cSosyal hizmetlere \u00f6ncelik al\u0131yorsan\u0131z zaten kad\u0131nlar\u0131n hayat\u0131na dokunmu\u015f oluyorsunuz. Kad\u0131n \u00f6ncelikli b\u00fct\u00e7e \u00e7al\u0131\u015fmalar\u0131m\u0131z hep oldu\u201d dedi.<br>KADIN KOTASI<br>Program\u0131n bir di\u011fer konu\u011fu T\u00fcrkiye Kad\u0131n Dernekleri Federasyonu (TKDF) Ba\u015fkan\u0131 Canan G\u00fcll\u00fc ise kad\u0131nlara haklar\u0131n\u0131n \u2018alt\u0131n tepside\u2019 verilmedi\u011fini s\u00f6yledi. G\u00fcll\u00fc, \u201cHi\u00e7 kimse bu \u00fclkede geri kalm\u0131\u015f bir ortama do\u011fmad\u0131. En ufa\u011f\u0131ndan en ya\u015fl\u0131s\u0131na kadar biz 100 ya\u015f\u0131nda dolduran Atat\u00fcrk Cumhuriyeti&#8217;nin T\u00fcrkiye&#8217;sine do\u011fdu. B\u00f6yleyse hakk\u0131m\u0131z\u0131 arayaca\u011f\u0131z. Kad\u0131n kotas\u0131n\u0131 ve yerel demokrasiyi isteyece\u011fiz\u201d diye konu\u015ftu.<br>T\u00fcrkan \u015eoray K\u00fclt\u00fcr Merkezi\u2019ndeki program Dilek T\u00fcrkan konseriyle sona erdi.<\/p>\n\n\n\n<p>Muratpa\u015fa Belediyesi \/ B\u00fclten<\/p>\n","protected":false},"excerpt":{"rendered":"<p>Ye\u015fil\u00e7am\u2019\u0131n Sultan\u0131 T\u00fcrkan \u015eoray, Antalya\u2019da Muratpa\u015fa Belediyesi\u2019nin 5 Aral\u0131k T\u00fcrkiye\u2019de kad\u0131nlara se\u00e7me ve se\u00e7ilme hakk\u0131n\u0131n tan\u0131nmas\u0131n\u0131n y\u0131l d\u00f6n\u00fcm\u00fc dolay\u0131s\u0131yla d\u00fczenledi\u011fi program\u0131n onur konu\u011fu oldu. Antalya\u2019da <a href=\"https:\/\/akdenizhaber.com.tr\/index.php\/2023\/12\/07\/turkan-soray-onur-konugu-oldu\/\" class=\"read-more-link\">[more&#8230;]<\/a><\/p>\n","protected":false},"author":2,"featured_media":18446,"comment_status":"open","ping_status":"open","sticky":false,"template":"","format":"standard","meta":{"footnotes":""},"categories":[2],"tags":[],"class_list":["post-18445","post","type-post","status-publish","format-standard","has-post-thumbnail","hentry","category-gundem"],"_links":{"self":[{"href":"https:\/\/akdenizhaber.com.tr\/index.php\/wp-json\/wp\/v2\/posts\/18445","targetHints":{"allow":["GET"]}}],"collection":[{"href":"https:\/\/akdenizhaber.com.tr\/index.php\/wp-json\/wp\/v2\/posts"}],"about":[{"href":"https:\/\/akdenizhaber.com.tr\/index.php\/wp-json\/wp\/v2\/types\/post"}],"author":[{"embeddable":true,"href":"https:\/\/akdenizhaber.com.tr\/index.php\/wp-json\/wp\/v2\/users\/2"}],"replies":[{"embeddable":true,"href":"https:\/\/akdenizhaber.com.tr\/index.php\/wp-json\/wp\/v2\/comments?post=18445"}],"version-history":[{"count":0,"href":"https:\/\/akdenizhaber.com.tr\/index.php\/wp-json\/wp\/v2\/posts\/18445\/revisions"}],"wp:featuredmedia":[{"embeddable":true,"href":"https:\/\/akdenizhaber.com.tr\/index.php\/wp-json\/wp\/v2\/media\/18446"}],"wp:attachment":[{"href":"https:\/\/akdenizhaber.com.tr\/index.php\/wp-json\/wp\/v2\/media?parent=18445"}],"wp:term":[{"taxonomy":"category","embeddable":true,"href":"https:\/\/akdenizhaber.com.tr\/index.php\/wp-json\/wp\/v2\/categories?post=18445"},{"taxonomy":"post_tag","embeddable":true,"href":"https:\/\/akdenizhaber.com.tr\/index.php\/wp-json\/wp\/v2\/tags?post=18445"}],"curies":[{"name":"wp","href":"https:\/\/api.w.org\/{rel}","templated":true}]}}