{"id":18436,"date":"2023-12-07T13:00:17","date_gmt":"2023-12-07T10:00:17","guid":{"rendered":"https:\/\/akdenizhaber.com.tr\/?p=18436"},"modified":"2023-12-07T13:00:18","modified_gmt":"2023-12-07T10:00:18","slug":"umit-uysal-tesvik-eden-butun-antalyalilara-tesekkur-ederim","status":"publish","type":"post","link":"https:\/\/akdenizhaber.com.tr\/index.php\/2023\/12\/07\/umit-uysal-tesvik-eden-butun-antalyalilara-tesekkur-ederim\/","title":{"rendered":"\u00dcmit Uysal, \u2018Te\u015fvik eden b\u00fct\u00fcn Antalyal\u0131lara te\u015fekk\u00fcr ederim\u2019"},"content":{"rendered":"\n<p><\/p>\n\n\n\n<p>Antalya\u2019da, Muratpa\u015fa Belediye Ba\u015fkan\u0131 \u00dcmit Uysal, B\u00fcy\u00fck\u015fehir Belediye Ba\u015fkanl\u0131\u011f\u0131 i\u00e7in aday adayl\u0131\u011f\u0131 ba\u015fvurusunu yapt\u0131. \u201cK\u0131n\u0131k\u2019tan Kaledran\u2019a, Tahtal\u0131\u2019dan, Akda\u011flar\u2019dan Gidengelmez\u2019e, Eynif Ovas\u0131\u2019na, K\u00f6pr\u00fc \u00c7ay\u0131\u2019na, Alara\u2019ya\u201d s\u00f6zleriyle Antalya\u2019y\u0131 selamlayan Uysal, \u201cTe\u015fvik eden b\u00fct\u00fcn Antalyal\u0131lara te\u015fekk\u00fcr ederim\u201d dedi.<\/p>\n\n\n\n<p>Antalya\u2019n\u0131n 520 bini a\u015fk\u0131n n\u00fcfusuyla kent hayat\u0131n\u0131n merkezi olan Muratpa\u015fa\u2019da 2 d\u00f6nemdir belediye ba\u015fkanl\u0131\u011f\u0131 g\u00f6revini y\u00fcr\u00fcten ve 2019 se\u00e7imlerinde oyunu y\u00fczde 18,35 oran\u0131nda art\u0131rarak \u201cEn fazla oy art\u0131ran belediye ba\u015fkanlar\u0131\u201d listesinde ilk s\u0131ralarda yer alan Uysal, B\u00fcy\u00fck\u015fehir Belediye Ba\u015fkanl\u0131\u011f\u0131 i\u00e7in aday adayl\u0131\u011f\u0131 ba\u015fvurusunu yapt\u0131.<br><br>\u201cK\u0131n\u0131k\u2019tan Kaledran\u2019a, Tahtal\u0131\u2019dan, Akda\u011flar\u2019dan Gidengelmez\u2019e, Eynif Ovas\u0131\u2019na, K\u00f6pr\u00fc \u00c7ay\u0131\u2019na, Alara\u2019ya\u201d s\u00f6zleriyle Antalya\u2019y\u0131 selamlayan Ba\u015fkan Uysal, yapt\u0131\u011f\u0131 a\u00e7\u0131klamada \u015fu ifadelere yer verdi:<br><br>\u201cAntalya\u2019m\u0131z\u0131n 19 il\u00e7esinde ve d\u00f6rt bir yan\u0131ndaki kom\u015fular\u0131m, 31 Mart Yerel Se\u00e7imlerinde Antalya B\u00fcy\u00fck\u015fehir Belediye Ba\u015fkanl\u0131\u011f\u0131 i\u00e7in aday adayl\u0131\u011f\u0131 ba\u015fvurusunda bulundum. \u0130ki d\u00f6nemdir Antalya\u2019m\u0131z\u0131n kalbi Muratpa\u015fa\u2019m\u0131za hizmet etme f\u0131rsat\u0131 veren Muratpa\u015fal\u0131lara, ba\u015fta CHP ve Millet \u0130ttifak\u0131\u2019n\u0131 olu\u015fturan siyasi partiler olmak \u00fczere her siyasi g\u00f6r\u00fc\u015ften omuz veren yol arkada\u015flar\u0131ma, te\u015fvik eden b\u00fct\u00fcn Antalyal\u0131lara te\u015fekk\u00fcr ederim. Her \u015fey insanlar\u0131m\u0131z i\u00e7in, her \u015fey Antalya\u2019m\u0131z i\u00e7in, her \u015fey T\u00fcrkiye\u2019miz i\u00e7in, her \u015fey daha iyisi i\u00e7in.\u201d<\/p>\n\n\n\n<p>Muratpa\u015fa Belediyesi \/ B\u00fclten<\/p>\n","protected":false},"excerpt":{"rendered":"<p>Antalya\u2019da, Muratpa\u015fa Belediye Ba\u015fkan\u0131 \u00dcmit Uysal, B\u00fcy\u00fck\u015fehir Belediye Ba\u015fkanl\u0131\u011f\u0131 i\u00e7in aday adayl\u0131\u011f\u0131 ba\u015fvurusunu yapt\u0131. \u201cK\u0131n\u0131k\u2019tan Kaledran\u2019a, Tahtal\u0131\u2019dan, Akda\u011flar\u2019dan Gidengelmez\u2019e, Eynif Ovas\u0131\u2019na, K\u00f6pr\u00fc \u00c7ay\u0131\u2019na, Alara\u2019ya\u201d s\u00f6zleriyle <a href=\"https:\/\/akdenizhaber.com.tr\/index.php\/2023\/12\/07\/umit-uysal-tesvik-eden-butun-antalyalilara-tesekkur-ederim\/\" class=\"read-more-link\">[more&#8230;]<\/a><\/p>\n","protected":false},"author":2,"featured_media":18437,"comment_status":"open","ping_status":"open","sticky":false,"template":"","format":"standard","meta":{"footnotes":""},"categories":[2],"tags":[],"class_list":["post-18436","post","type-post","status-publish","format-standard","has-post-thumbnail","hentry","category-gundem"],"_links":{"self":[{"href":"https:\/\/akdenizhaber.com.tr\/index.php\/wp-json\/wp\/v2\/posts\/18436","targetHints":{"allow":["GET"]}}],"collection":[{"href":"https:\/\/akdenizhaber.com.tr\/index.php\/wp-json\/wp\/v2\/posts"}],"about":[{"href":"https:\/\/akdenizhaber.com.tr\/index.php\/wp-json\/wp\/v2\/types\/post"}],"author":[{"embeddable":true,"href":"https:\/\/akdenizhaber.com.tr\/index.php\/wp-json\/wp\/v2\/users\/2"}],"replies":[{"embeddable":true,"href":"https:\/\/akdenizhaber.com.tr\/index.php\/wp-json\/wp\/v2\/comments?post=18436"}],"version-history":[{"count":0,"href":"https:\/\/akdenizhaber.com.tr\/index.php\/wp-json\/wp\/v2\/posts\/18436\/revisions"}],"wp:featuredmedia":[{"embeddable":true,"href":"https:\/\/akdenizhaber.com.tr\/index.php\/wp-json\/wp\/v2\/media\/18437"}],"wp:attachment":[{"href":"https:\/\/akdenizhaber.com.tr\/index.php\/wp-json\/wp\/v2\/media?parent=18436"}],"wp:term":[{"taxonomy":"category","embeddable":true,"href":"https:\/\/akdenizhaber.com.tr\/index.php\/wp-json\/wp\/v2\/categories?post=18436"},{"taxonomy":"post_tag","embeddable":true,"href":"https:\/\/akdenizhaber.com.tr\/index.php\/wp-json\/wp\/v2\/tags?post=18436"}],"curies":[{"name":"wp","href":"https:\/\/api.w.org\/{rel}","templated":true}]}}