{"id":18427,"date":"2023-12-06T13:25:59","date_gmt":"2023-12-06T10:25:59","guid":{"rendered":"https:\/\/akdenizhaber.com.tr\/?p=18427"},"modified":"2023-12-06T13:25:59","modified_gmt":"2023-12-06T10:25:59","slug":"eski-vekil-niyazi-nefi-karamanavgata-hizmet-borcum-var","status":"publish","type":"post","link":"https:\/\/akdenizhaber.com.tr\/index.php\/2023\/12\/06\/eski-vekil-niyazi-nefi-karamanavgata-hizmet-borcum-var\/","title":{"rendered":"Eski Vekil Niyazi Nefi Kara;\u201cManavgat\u2019a Hizmet Borcum Var\u201d"},"content":{"rendered":"\n<p><\/p>\n\n\n\n<p>25 ve 26.d\u00f6nem CHP Antalya Eski Milletvekili Niyazi Nefi Kara, ge\u00e7ti\u011fimiz g\u00fcn Manavgat Belediye ba\u015fkan aday adayl\u0131k ba\u015fvurusunu yapt\u0131.<\/p>\n\n\n\n<p>Manavgat\u2019\u0131n Hat\u0131plar k\u00f6y\u00fcnde d\u00fcnya\u2019ya gelen ve doktorluk mesle\u011finde zirveye \u00e7\u0131kan Niyazi Nefi Kara 25 v2 26 d\u00f6nem milletvekilli\u011fi d\u00f6neminde meclisin renkli ve \u00e7ok \u00e7al\u0131\u015fan milletvekili olarak tarihteki yerini alm\u0131\u015ft\u0131.<\/p>\n\n\n\n<p>Bir sonraki d\u00f6nemde yeniden milletvekili aday aday\u0131 olmas\u0131na kar\u015f\u0131n aday olarak g\u00f6sterilmeyen Niyazi Nefi Kara bu s\u00fcre\u00e7te parti i\u00e7indeki \u00e7al\u0131\u015fmalar\u0131n\u0131 b\u0131rakmadan devam ettirdi.<\/p>\n\n\n\n<p>Ge\u00e7ti\u011fimiz g\u00fcn CHP il\u00e7e ba\u015fkan\u0131 Oykun Ba\u015far\u2019a Manavgat Belediye ba\u015fkan aday adayl\u0131k dosyas\u0131n\u0131 takdim eden Niyazi Nefi Kara \u201cManavgat\u2019a hizmet borcum var, siyaseten bug\u00fcne dek birikti\u011fim tecr\u00fcbelerimi bundan sonra kentime hizmet i\u00e7in harcayaca\u011f\u0131m, aday adayl\u0131\u011f\u0131m\u0131n hay\u0131rl\u0131 olmas\u0131n\u0131 diliyor, t\u00fcm Manavgatl\u0131 hem\u015ferilerime selam ve sevgilerimi sunuyorum\u201d dedi.<\/p>\n\n\n\n<p>Niyazi Nefi Kara Kimdir ?<\/p>\n\n\n\n<p>20.08.1969 tarihinde Antalya Manavgat&#8217;ta do\u011fdu.<br>\u0130lk\u00f6\u011frenimini Hatipler K\u00f6y\u00fc \u0130lkokulunda ve Manavgat Ortaokulunda g\u00f6rd\u00fc. Orta\u00f6\u011frenimini Manavgat Lisesi ve Antalya Lisesi&#8217;nde g\u00f6rd\u00fc.1991 y\u0131l\u0131nda Adana \u00c7ukurova \u00dcniversitesi T\u0131p Fak\u00fcltesi&#8217;nden mezun oldu.<br>1992 y\u0131l\u0131nda Erzurum&#8217;un \u015eenkaya il\u00e7esinde mecburi hizmetini ger\u00e7ekle\u015ftirdikten sonra, 1993 y\u0131l\u0131nda Adana&#8217;n\u0131n Karaisal\u0131 il\u00e7esinde pratisyen hekim olarak g\u00f6rev yapt\u0131.<br>1994-2000 y\u0131llar\u0131 aras\u0131nda S\u00fcleyman Demirel \u00dcniversitesi T\u0131p Fak\u00fcltesi&#8217;nde Beyin ve Sinir Cerrahisi Anabilim Dal\u0131&#8217;nda t\u0131p uzmanl\u0131\u011f\u0131 e\u011fitimi g\u00f6rd\u00fc.<br>2001-2004 y\u0131llar\u0131 aras\u0131nda Ayd\u0131n SSK B\u00f6lge Hastanesinde, 2004-2008 y\u0131llar\u0131 aras\u0131nda da Denizli SSK B\u00f6lge Hastanesi&#8217;nde (Servergazi Devlet Hastanesi) Beyin ve Sinir Cerrahisi uzman\u0131 olarak g\u00f6rev yapt\u0131.<br>2008-2010 y\u0131llar\u0131 aras\u0131nda Antalya Medical Park Hastanesi&#8217;nde Beyin ve Sinir Cerrahisi Uzman\u0131 olarak \u00e7al\u0131\u015ft\u0131.<br>2010-2015 y\u0131llar\u0131 aras\u0131nda Antalya E\u011fitim Ara\u015ft\u0131rma Hastanesi&#8217;nde Beyin ve Sinir Cerrahisi Uzman\u0131 olarak g\u00f6rev yapt\u0131.<br>10 \u015eubat 2015 tarihinde Cumhuriyet Halk Partisi&#8217;nden Antalya milletvekili aday aday\u0131 olabilmek i\u00e7in g\u00f6revinden istifa etti.<br>\u00dcniversite y\u0131llar\u0131nda \u00c7ukurova \u00dcniversitesi T\u0131p Fak\u00fcltesi \u00d6\u011frencileri Derne\u011fi y\u00f6neticili\u011fi yapan Niyazi Nefi Kara, 1994-2000 y\u0131llar\u0131 aras\u0131nda G\u00f6ller B\u00f6lgesi N\u00f6rolojik Bilimler Derne\u011fi kurucu \u00fcyeli\u011fi, 1996-2000 y\u0131llar\u0131 aras\u0131nda T\u00fcrkiye Beyin Ara\u015ft\u0131rmalar\u0131 Derne\u011fi kurucu \u00fcyeli\u011fi, 2000-2004 y\u0131llar\u0131 aras\u0131nda da Sa\u011fl\u0131k Emek\u00e7ileri Sendikas\u0131 (SES) y\u00f6neticili\u011fi yapm\u0131\u015ft\u0131r.<br>2007 ve 2011 Milletvekilli\u011fi Genel Se\u00e7imlerinde Cumhuriyet Halk Partisi&#8217;nden Antalya milletvekili aday aday\u0131 olmu\u015ftur.<br>2011-2012 eve 2014-2015 y\u0131llar\u0131 aras\u0131nda Antalya Tabip Odas\u0131 y\u00f6netim kurulu \u00fcyeli\u011fine se\u00e7ilen Niyazi Nefi Kara, Antalya Tabip Odas\u0131 ad\u0131na Antalya Demokrasi G\u00fc\u00e7leri Platformu ve Antalya E\u015fg\u00fcd\u00fcm Kurulu \u00fcyeli\u011fi yapm\u0131\u015ft\u0131r.<br>2013 y\u0131l\u0131ndan bu yana Antalya Halkevi Denetleme Kurulu Ba\u015fkanl\u0131\u011f\u0131 ve Antalya Lisesi Mezunlar\u0131 Vakf\u0131 Y\u00f6netim Kurulu \u00fcyelikleri g\u00f6revini y\u00fcr\u00fcten Niyazi Nefi Kara, ayn\u0131 zamanda Atat\u00fcrk\u00e7\u00fc D\u00fc\u015f\u00fcnce Derne\u011fi, Hasta Haklar\u0131 Derne\u011fi ve T\u00fcrk N\u00f6ro\u015firurji Derne\u011fi&#8217;ne \u00fcyedir.<br>2007 y\u0131l\u0131nda Almanya&#8217;n\u0131n Essen Eyaleti&#8217;nde Kapal\u0131 Bel F\u0131t\u0131\u011f\u0131 \u00fczerine e\u011fitim alan, \u00e7ok say\u0131da ulusal ve uluslararas\u0131 makalesi bulunan Niyazi Nefi Kara, orta seviyede \u0130ngilizce ve Almanca bilmektedir.<br>Ayl\u0131k Kakt\u00fcs Dergisi&#8217;nde &#8220;Halk\u0131n Sa\u011fl\u0131k Hakk\u0131 Vard\u0131r, Alacakt\u0131r!&#8221; ba\u015fl\u0131\u011f\u0131 alt\u0131nda sa\u011fl\u0131k politikalar\u0131na ili\u015fkin k\u00f6\u015fe yaz\u0131lar\u0131 yazmaktad\u0131r.<br>Niyazi Nefi KARA, Anestezi ve Reanimasyon Uzman\u0131 Hacer Ceyhan KARA ile evli olup, \u0130pek ve&nbsp; Ali \u00c7a\u011f\u0131n ad\u0131nda iki \u00e7ocu\u011fu vard\u0131r.<\/p>\n\n\n\n<p>(Haber Merkezi)<\/p>\n","protected":false},"excerpt":{"rendered":"<p>25 ve 26.d\u00f6nem CHP Antalya Eski Milletvekili Niyazi Nefi Kara, ge\u00e7ti\u011fimiz g\u00fcn Manavgat Belediye ba\u015fkan aday adayl\u0131k ba\u015fvurusunu yapt\u0131. Manavgat\u2019\u0131n Hat\u0131plar k\u00f6y\u00fcnde d\u00fcnya\u2019ya gelen ve <a href=\"https:\/\/akdenizhaber.com.tr\/index.php\/2023\/12\/06\/eski-vekil-niyazi-nefi-karamanavgata-hizmet-borcum-var\/\" class=\"read-more-link\">[more&#8230;]<\/a><\/p>\n","protected":false},"author":2,"featured_media":18428,"comment_status":"open","ping_status":"open","sticky":false,"template":"","format":"standard","meta":{"footnotes":""},"categories":[2],"tags":[],"class_list":["post-18427","post","type-post","status-publish","format-standard","has-post-thumbnail","hentry","category-gundem"],"_links":{"self":[{"href":"https:\/\/akdenizhaber.com.tr\/index.php\/wp-json\/wp\/v2\/posts\/18427","targetHints":{"allow":["GET"]}}],"collection":[{"href":"https:\/\/akdenizhaber.com.tr\/index.php\/wp-json\/wp\/v2\/posts"}],"about":[{"href":"https:\/\/akdenizhaber.com.tr\/index.php\/wp-json\/wp\/v2\/types\/post"}],"author":[{"embeddable":true,"href":"https:\/\/akdenizhaber.com.tr\/index.php\/wp-json\/wp\/v2\/users\/2"}],"replies":[{"embeddable":true,"href":"https:\/\/akdenizhaber.com.tr\/index.php\/wp-json\/wp\/v2\/comments?post=18427"}],"version-history":[{"count":0,"href":"https:\/\/akdenizhaber.com.tr\/index.php\/wp-json\/wp\/v2\/posts\/18427\/revisions"}],"wp:featuredmedia":[{"embeddable":true,"href":"https:\/\/akdenizhaber.com.tr\/index.php\/wp-json\/wp\/v2\/media\/18428"}],"wp:attachment":[{"href":"https:\/\/akdenizhaber.com.tr\/index.php\/wp-json\/wp\/v2\/media?parent=18427"}],"wp:term":[{"taxonomy":"category","embeddable":true,"href":"https:\/\/akdenizhaber.com.tr\/index.php\/wp-json\/wp\/v2\/categories?post=18427"},{"taxonomy":"post_tag","embeddable":true,"href":"https:\/\/akdenizhaber.com.tr\/index.php\/wp-json\/wp\/v2\/tags?post=18427"}],"curies":[{"name":"wp","href":"https:\/\/api.w.org\/{rel}","templated":true}]}}