{"id":18421,"date":"2023-12-06T13:21:14","date_gmt":"2023-12-06T10:21:14","guid":{"rendered":"https:\/\/akdenizhaber.com.tr\/?p=18421"},"modified":"2023-12-06T13:21:14","modified_gmt":"2023-12-06T10:21:14","slug":"dostca-sozen-aday-olur-mu","status":"publish","type":"post","link":"https:\/\/akdenizhaber.com.tr\/index.php\/2023\/12\/06\/dostca-sozen-aday-olur-mu\/","title":{"rendered":"DOST\u00c7A S\u00d6ZEN ADAY OLUR MU?.."},"content":{"rendered":"\n<p><\/p>\n\n\n\n<p>Y\u0131l 2019 yerel se\u00e7imlere yakla\u015f\u0131rken bug\u00fcn oldu\u011fu gibi o d\u00f6nemde dedikodunun biri bin paraya havalarda u\u00e7u\u015fuyordu.<\/p>\n\n\n\n<p>\u015e\u00fckr\u00fc S\u00f6zen\u2019in aday olmayaca\u011f\u0131na dair iddialar mevcuttu Allah uzun \u00f6m\u00fcrler versin, de\u011ferli annesi T\u00fcrkan han\u0131mefendi o d\u00f6nemde o\u011flunun tekrar aday olmamas\u0131 anlam\u0131nda bizzat b\u00fcy\u00fck \u00e7aba g\u00f6sterdi.<\/p>\n\n\n\n<p>\u201c\u015e\u00fckr\u00fc S\u00f6zen aday olmayacak\u201d s\u00f6ylemlerine kar\u015f\u0131n ben o tarihte bir k\u00f6\u015fe yaz\u0131s\u0131 kaleme alarak S\u00f6zen\u2019in tekrar aday olaca\u011f\u0131n\u0131 s\u00f6ylemi\u015ftim..<\/p>\n\n\n\n<p>S\u00f6yledi\u011fim do\u011frultuda S\u00f6zen tekrar adayl\u0131\u011f\u0131n\u0131 a\u00e7\u0131klam\u0131\u015ft\u0131.<\/p>\n\n\n\n<p>Aradan ge\u00e7en be\u015f y\u0131ll\u0131k s\u00fcre\u00e7te t\u00fcm zorluklara kar\u015f\u0131n Manavgat Belediye ba\u015fkanl\u0131\u011f\u0131n\u0131 g\u00fcnah\u0131 ile sevab\u0131 ile bug\u00fcnlere getirdi \u015e\u00fckr\u00fc S\u00f6zen.<\/p>\n\n\n\n<p>Ge\u00e7ti\u011fimiz aylarda yapt\u0131\u011f\u0131 ve 15 y\u0131ll\u0131k hizmet d\u00f6nemini dile getiren bir konu\u015fmayla Belediye ba\u015fkanl\u0131\u011f\u0131na veda etmi\u015fti S\u00f6zen..<\/p>\n\n\n\n<p>Ard\u0131ndan CHP\u2019nin \u00e7i\u00e7e\u011fi burnunda genel ba\u015fkan\u0131 \u00d6zg\u00fcr \u00d6zel\u2019in il\u00e7emize ziyareti ger\u00e7ekle\u015fti.<\/p>\n\n\n\n<p>Gaf \u00fczerine gaf k\u0131ran yeni genel ba\u015fkan \u00d6zel S\u00f6zen\u2019in elini havaya kald\u0131rarak \u201cAday\u0131m\u0131z \u015e\u00fckr\u00fc S\u00f6zen\u201d demi\u015fti.<\/p>\n\n\n\n<p>O g\u00fcnden bug\u00fcne ge\u00e7en s\u00fcre\u00e7te kentimizde en \u00e7ok konu\u015fulan konular\u0131n ba\u015f\u0131nda S\u00f6zen\u2019in tekrar aday olur mu sorusuna y\u00f6nlendi.<\/p>\n\n\n\n<p>Ben \u015e\u00fckr\u00fc S\u00f6zen\u2019i \u00e7ok iyi tan\u0131yanlardan birisiyim.<\/p>\n\n\n\n<p>Kendisini siyaseten \u00e7ok iyi yeti\u015ftiren S\u00f6zen, bir kalemde a\u00e7\u0131klamalar\u0131n\u0131n \u00fczerine s\u00fcnger \u00e7ekip \u201cGenel Ba\u015fkan\u0131m\u0131n hat\u0131r\u0131n\u0131 k\u0131rm\u0131yorum, yeniden aday\u0131m\u201d demez.<\/p>\n\n\n\n<p>Yani; tekrar aday olmaz..<\/p>\n\n\n\n<p>\u015e\u00fckr\u00fc S\u00f6zen siyaseti iyi okuyan, iyi analiz eden \u00fclke genlinde ve CHP i\u00e7erisinde kendini kan\u0131tlam\u0131\u015f bir siyaset\u00e7i olarak t\u00fck\u00fcrd\u00fc\u011f\u00fcn\u00fc yalamaz.<\/p>\n\n\n\n<p>Enine boyuna t\u00fcm konular\u0131 yat\u0131r\u0131r masaya.<\/p>\n\n\n\n<p>Eksisini.. Art\u0131s\u0131n\u0131 hesaplar..<\/p>\n\n\n\n<p>Yeniden aday olursa ne kazanaca\u011f\u0131na.. Neler kaybedece\u011fine dair k\u0131vrak zekas\u0131yla yeniden aday\u0131m demez..<\/p>\n\n\n\n<p>15 y\u0131l\u0131n g\u00fcnah\u0131 ve sevab\u0131yla ileride g\u00fczelden yana an\u0131msanmak ister..<\/p>\n\n\n\n<p>Ve gelecek ad\u0131na siyasette kendine a\u00e7\u0131k kap\u0131 b\u0131rak\u0131r..<\/p>\n\n\n\n<p>Yok \u201dBen yeniden aday\u0131m\u201d dedi\u011fini varsayal\u0131m i\u015fte o zaman kendi aya\u011f\u0131na s\u0131kacak olaca\u011f\u0131n\u0131n bilincinde bir ki\u015fidir S\u00f6zen..<\/p>\n\n\n\n<p>Kamuoyunda her g\u00fcn en \u00e7ok konu\u015fulan siyasi ba\u015fl\u0131kta S\u00f6zen\u2019in yeniden aday olma ihtimalini ben g\u00f6rm\u00fcyorum..<\/p>\n\n\n\n<p>Varsayal\u0131m bu hesaplar\u0131 yapmad\u0131, konuya bal\u0131klama atlad\u0131 diyelim..<\/p>\n\n\n\n<p>Olmaz ya, olaca\u011f\u0131n\u0131 farz edelim.<\/p>\n\n\n\n<p>Sonu\u00e7 ne olur..<\/p>\n\n\n\n<p>Bunu hepimizden \u00e7ok \u00e7ok iyi \u015e\u00fckr\u00fc S\u00f6zen bilir ve tahmin eder..<\/p>\n\n\n\n<p>Sizin anlayaca\u011f\u0131n\u0131z \u015e\u00fck\u00fcr S\u00f6zen bir defteri kapatt\u0131ysa o defter sayfalar\u0131n\u0131 yeniden hayata ge\u00e7irmez.<\/p>\n\n\n\n<p>Bu b\u00f6yle biline..<\/p>\n\n\n\n<p>Haydi, kal\u0131n sa\u011fl\u0131cakla.<\/p>\n\n\n\n<p>Her \u015fey y\u00fcre\u011finize g\u00f6re olsun.<\/p>\n\n\n\n<p>HOPDED\u0130K<\/p>\n\n\n\n<p>S\u00d6ZEN..<\/p>\n\n\n\n<p>Papatya fal\u0131na d\u00f6nd\u00fc<\/p>\n\n\n\n<p>\u015e\u00fckr\u00fc S\u00f6zen konusu..<\/p>\n\n\n\n<p>Olur mu?..<\/p>\n\n\n\n<p>Olmaz m\u0131 hesab\u0131..<\/p>\n\n\n\n<p>Haydi hay\u0131rl\u0131s\u0131..<\/p>\n","protected":false},"excerpt":{"rendered":"<p>Y\u0131l 2019 yerel se\u00e7imlere yakla\u015f\u0131rken bug\u00fcn oldu\u011fu gibi o d\u00f6nemde dedikodunun biri bin paraya havalarda u\u00e7u\u015fuyordu. \u015e\u00fckr\u00fc S\u00f6zen\u2019in aday olmayaca\u011f\u0131na dair iddialar mevcuttu Allah uzun <a href=\"https:\/\/akdenizhaber.com.tr\/index.php\/2023\/12\/06\/dostca-sozen-aday-olur-mu\/\" class=\"read-more-link\">[more&#8230;]<\/a><\/p>\n","protected":false},"author":2,"featured_media":18422,"comment_status":"open","ping_status":"open","sticky":false,"template":"","format":"standard","meta":{"footnotes":""},"categories":[2],"tags":[],"class_list":["post-18421","post","type-post","status-publish","format-standard","has-post-thumbnail","hentry","category-gundem"],"_links":{"self":[{"href":"https:\/\/akdenizhaber.com.tr\/index.php\/wp-json\/wp\/v2\/posts\/18421","targetHints":{"allow":["GET"]}}],"collection":[{"href":"https:\/\/akdenizhaber.com.tr\/index.php\/wp-json\/wp\/v2\/posts"}],"about":[{"href":"https:\/\/akdenizhaber.com.tr\/index.php\/wp-json\/wp\/v2\/types\/post"}],"author":[{"embeddable":true,"href":"https:\/\/akdenizhaber.com.tr\/index.php\/wp-json\/wp\/v2\/users\/2"}],"replies":[{"embeddable":true,"href":"https:\/\/akdenizhaber.com.tr\/index.php\/wp-json\/wp\/v2\/comments?post=18421"}],"version-history":[{"count":0,"href":"https:\/\/akdenizhaber.com.tr\/index.php\/wp-json\/wp\/v2\/posts\/18421\/revisions"}],"wp:featuredmedia":[{"embeddable":true,"href":"https:\/\/akdenizhaber.com.tr\/index.php\/wp-json\/wp\/v2\/media\/18422"}],"wp:attachment":[{"href":"https:\/\/akdenizhaber.com.tr\/index.php\/wp-json\/wp\/v2\/media?parent=18421"}],"wp:term":[{"taxonomy":"category","embeddable":true,"href":"https:\/\/akdenizhaber.com.tr\/index.php\/wp-json\/wp\/v2\/categories?post=18421"},{"taxonomy":"post_tag","embeddable":true,"href":"https:\/\/akdenizhaber.com.tr\/index.php\/wp-json\/wp\/v2\/tags?post=18421"}],"curies":[{"name":"wp","href":"https:\/\/api.w.org\/{rel}","templated":true}]}}