{"id":18418,"date":"2023-12-06T13:19:59","date_gmt":"2023-12-06T10:19:59","guid":{"rendered":"https:\/\/akdenizhaber.com.tr\/?p=18418"},"modified":"2023-12-06T13:20:00","modified_gmt":"2023-12-06T10:20:00","slug":"ak-parti-aday-adayi-turgay-akardunya-kenti-manavgata-hizmeti-ilke-edindim","status":"publish","type":"post","link":"https:\/\/akdenizhaber.com.tr\/index.php\/2023\/12\/06\/ak-parti-aday-adayi-turgay-akardunya-kenti-manavgata-hizmeti-ilke-edindim\/","title":{"rendered":"Ak Parti Aday Aday\u0131 Turgay Akar;\u201cD\u00fcnya kenti Manavgat\u2019a Hizmeti ilke edindim\u201d"},"content":{"rendered":"\n<p><\/p>\n\n\n\n<p><strong>31 Mart 2024 Pazar g\u00fcn\u00fc yap\u0131lacak yerel se\u00e7imlerde Ak Partiden Manavgat Belediye ba\u015fkan aday aday\u0131 olan Turgay Akar kamuoyu yoklamalar\u0131 kapsam\u0131nda saha \u00e7al\u0131\u015fmalar\u0131n\u0131 s\u00fcrd\u00fcr\u00fcyor.<\/strong><strong><\/strong><\/p>\n\n\n\n<p><strong>Gece-g\u00fcnd\u00fcz ba\u015fta Manavgat i\u00e7i olmak \u00fczere 108 mahallenin t\u00fcm\u00fcn\u00fc dola\u015farak kendini, Ak Partinin yerel belediyecilik misyonu ile birlikte aday g\u00f6sterildi\u011fi takdirde Manavgat i\u00e7in yapaca\u011f\u0131 hizmetlerle projeleri anlatan Tugay Akar\u2019a Manavgatl\u0131lar b\u00fcy\u00fck ilgi ve desteklerini g\u00f6stermeye devam ediyor.<\/strong><strong><\/strong><\/p>\n\n\n\n<p><strong>\u00c7ok g\u00fc\u00e7l\u00fc bir ekiple aday aday\u0131 oldu\u011funa dikkat \u00e7eken Turgay Akar, \u00fclke genelinde Ak Partinin bug\u00fcne dek yapm\u0131\u015f oldu\u011fu belediyecilik \u00e7al\u0131\u015fmalar\u0131n\u0131n \u00f6nemine dikkat \u00e7ekerek Ak Parti genel ba\u015fkan\u0131 ve Cumhurba\u015fkan\u0131 Recep Tayyip Erdo\u011fan\u2019\u0131n y\u00f6netiminde bundan b\u00f6yle Manavgat\u2019a iktidar partisinde bir aday\u0131n belediye ba\u015fkan\u0131 olmas\u0131 gerekti\u011fini ifade ederek ;<\/strong><strong><\/strong><\/p>\n\n\n\n<p><strong>\u201cBen \u015fahsim ve ekibim olarak bu anlay\u0131\u015f ve desturla yola \u00e7\u0131kt\u0131m, Ak Partinin g\u00fcc\u00fcn\u00fc ve iktidar deste\u011fini alarak Manavgat\u2019a aday aday\u0131 olarak yapaca\u011f\u0131m projeleri halk\u0131mla payla\u015fmaya devam ediyorum, bu kapsamda Manavgatl\u0131n\u0131n \u015fahs\u0131ma g\u00f6stermi\u015f oldu\u011fu destek ve ilgi \u015fahs\u0131m\u0131 son derece mutlu ediyor, Manavgat\u2019ta belediyecili\u011fe iktidar\u0131n el atmas\u0131 vakti gelmi\u015ftir. \u00d6n\u00fcm\u00fczdeki g\u00fcnlerde adaylar\u0131n belli olmas\u0131 s\u00fcrecinden sonra daha \u00e7ok \u00e7al\u0131\u015farak kentim i\u00e7in yapacaklar\u0131m\u0131 halk\u0131mla payla\u015faca\u011f\u0131m, t\u00fcm Manavgatl\u0131 hem\u015ferilerime, Manavgat\u2019ta ya\u015fam s\u00fcren ki\u015filere selam ve sevgilerimi sunuyorum\u201d dedi.<\/strong><strong><\/strong><\/p>\n\n\n\n<p><strong>(Haber Merkezi)<\/strong><strong><\/strong><\/p>\n","protected":false},"excerpt":{"rendered":"<p>31 Mart 2024 Pazar g\u00fcn\u00fc yap\u0131lacak yerel se\u00e7imlerde Ak Partiden Manavgat Belediye ba\u015fkan aday aday\u0131 olan Turgay Akar kamuoyu yoklamalar\u0131 kapsam\u0131nda saha \u00e7al\u0131\u015fmalar\u0131n\u0131 s\u00fcrd\u00fcr\u00fcyor. Gece-g\u00fcnd\u00fcz <a href=\"https:\/\/akdenizhaber.com.tr\/index.php\/2023\/12\/06\/ak-parti-aday-adayi-turgay-akardunya-kenti-manavgata-hizmeti-ilke-edindim\/\" class=\"read-more-link\">[more&#8230;]<\/a><\/p>\n","protected":false},"author":2,"featured_media":18419,"comment_status":"open","ping_status":"open","sticky":false,"template":"","format":"standard","meta":{"footnotes":""},"categories":[2],"tags":[],"class_list":["post-18418","post","type-post","status-publish","format-standard","has-post-thumbnail","hentry","category-gundem"],"_links":{"self":[{"href":"https:\/\/akdenizhaber.com.tr\/index.php\/wp-json\/wp\/v2\/posts\/18418","targetHints":{"allow":["GET"]}}],"collection":[{"href":"https:\/\/akdenizhaber.com.tr\/index.php\/wp-json\/wp\/v2\/posts"}],"about":[{"href":"https:\/\/akdenizhaber.com.tr\/index.php\/wp-json\/wp\/v2\/types\/post"}],"author":[{"embeddable":true,"href":"https:\/\/akdenizhaber.com.tr\/index.php\/wp-json\/wp\/v2\/users\/2"}],"replies":[{"embeddable":true,"href":"https:\/\/akdenizhaber.com.tr\/index.php\/wp-json\/wp\/v2\/comments?post=18418"}],"version-history":[{"count":0,"href":"https:\/\/akdenizhaber.com.tr\/index.php\/wp-json\/wp\/v2\/posts\/18418\/revisions"}],"wp:featuredmedia":[{"embeddable":true,"href":"https:\/\/akdenizhaber.com.tr\/index.php\/wp-json\/wp\/v2\/media\/18419"}],"wp:attachment":[{"href":"https:\/\/akdenizhaber.com.tr\/index.php\/wp-json\/wp\/v2\/media?parent=18418"}],"wp:term":[{"taxonomy":"category","embeddable":true,"href":"https:\/\/akdenizhaber.com.tr\/index.php\/wp-json\/wp\/v2\/categories?post=18418"},{"taxonomy":"post_tag","embeddable":true,"href":"https:\/\/akdenizhaber.com.tr\/index.php\/wp-json\/wp\/v2\/tags?post=18418"}],"curies":[{"name":"wp","href":"https:\/\/api.w.org\/{rel}","templated":true}]}}