{"id":18415,"date":"2023-12-06T13:19:12","date_gmt":"2023-12-06T10:19:12","guid":{"rendered":"https:\/\/akdenizhaber.com.tr\/?p=18415"},"modified":"2023-12-06T13:19:12","modified_gmt":"2023-12-06T10:19:12","slug":"baskan-bocek-turizm-icin-ortak-hareket-etmeye-devam-edecegiz","status":"publish","type":"post","link":"https:\/\/akdenizhaber.com.tr\/index.php\/2023\/12\/06\/baskan-bocek-turizm-icin-ortak-hareket-etmeye-devam-edecegiz\/","title":{"rendered":"Ba\u015fkan B\u00f6cek, \u201cTurizm i\u00e7in ortak hareket etmeye devam edece\u011fiz\u201d"},"content":{"rendered":"\n<p><\/p>\n\n\n\n<p>Antalya Turizm Koruma ve Geli\u015fim B\u00f6lgesi Altyap\u0131 Hizmet Birli\u011fi\u2019nin <strong>(<\/strong>ANTAB)2023 y\u0131l\u0131 2. d\u00f6nem meclis toplant\u0131s\u0131 yap\u0131ld\u0131. Ba\u015fkan Muhittin B\u00f6cek\u2019in ba\u015fkanl\u0131\u011f\u0131nda ger\u00e7ekle\u015fen toplant\u0131da ANTAB\u2019\u0131n 2024 y\u0131l\u0131 yat\u0131r\u0131m ve \u00e7al\u0131\u015fma program\u0131 ele al\u0131nd\u0131. Ba\u015fkan Muhittin B\u00f6cek, Antalya\u2019da turizmin geli\u015fmesi ve sekt\u00f6r ihtiya\u00e7lar\u0131n\u0131n belirlenerek \u00e7\u00f6z\u00fcme kavu\u015fturulmas\u0131 i\u00e7in el birli\u011fiyle \u00e7al\u0131\u015fmaya devam edeceklerini s\u00f6yledi.<\/p>\n\n\n\n<p>2023 y\u0131l\u0131 2. D\u00f6nem Meclis Toplant\u0131s\u0131\u2019n\u0131 ger\u00e7ekle\u015ftirmek \u00fczere Porto Bello Otel\u2019de biraraya gelen Antalya Turizm Koruma ve Geli\u015fim B\u00f6lgesi Altyap\u0131 Hizmet Birli\u011fi \u00fcyeleri 6 g\u00fcndem maddesini g\u00f6r\u00fc\u015ft\u00fc. Ba\u015fkan Muhittin B\u00f6cek ba\u015fkanl\u0131\u011f\u0131nda ger\u00e7ekle\u015fen toplant\u0131da birli\u011fin 2024 y\u0131l\u0131 yat\u0131r\u0131m ve \u00e7al\u0131\u015fma program\u0131 ele al\u0131nd\u0131.<\/p>\n\n\n\n<p>4 GENEL HEDEF PLANLANDI<\/p>\n\n\n\n<p>ANTAB M\u00fcd\u00fcr\u00fc Mustafa G\u00fcrb\u00fcz,birlik \u00fcyelerine 2024 y\u0131l\u0131 yat\u0131r\u0131m ve \u00e7al\u0131\u015fma program\u0131 hakk\u0131nda bilgi verdi. Programda 4 genel hedef planland\u0131\u011f\u0131n\u0131 belirten G\u00fcrb\u00fcz \u015funlar\u0131 s\u00f6yledi: \u201cBirinci hedefimiz birli\u011fimizin \u00fcyesi olan mahalli idareler ile sekt\u00f6r bile\u015fenlerini biraraya getirerek ilimizin sorunlar\u0131na ve \u00e7\u00f6z\u00fcm\u00fcne y\u00f6nelik ortak kararlar almak. \u0130kinci hedefimiz ilimiz turizminin, buna ba\u011fl\u0131 olarak \u00fclke turizminin geli\u015fmesini ve tan\u0131t\u0131m\u0131n\u0131 sa\u011flamak. Ulusal ve uluslararas\u0131 turizm fuarlar\u0131na kat\u0131l\u0131m sa\u011flamak. Turistik de\u011ferlerin tan\u0131t\u0131m\u0131n\u0131 sa\u011flamak. Birlikte \u00e7al\u0131\u015farak birlikte tan\u0131t\u0131m\u0131n\u0131 yapmak. \u00dc\u00e7\u00fcnc\u00fc hedefimiz birlik mahalli idare \u00fcyeleriyle birlikte il\u00e7elerde de\u011ferlendirilemeyen alternatif turizm alanlar\u0131na y\u00f6nelik projeler yapmak ve bu alanlar\u0131 turizme kazand\u0131rarak insanlar\u0131n kullan\u0131m\u0131na a\u00e7mak ve i\u015fletmecili\u011fini yapmak. D\u00f6rd\u00fcnc\u00fc hedefimiz hayata ge\u00e7irdi\u011fimiz Turist \u00c7a\u011fr\u0131 Merkezi, Antalya Turist Kart\u0131 ve antalya.com.tr web sitesinin geli\u015ftirilmesini, entegre edilmesini, kurumlar aras\u0131 entegrasyonun sa\u011flanmas\u0131n\u0131 ve ak\u0131ll\u0131 kent uygulamalar\u0131n\u0131n aktive edilmesini hedefledik.\u201d G\u00fcrb\u00fcz\u2019\u00fcn bilgilendirmesinin ard\u0131ndan ANTAB 2024 y\u0131l\u0131 yat\u0131r\u0131m, \u00e7al\u0131\u015fma program\u0131 ve b\u00fct\u00e7esi oy birli\u011fiyle kabul edildi.<\/p>\n\n\n\n<p>\u00dcZER\u0130M\u0130ZE D\u00dc\u015eEN\u0130 YAPMAYA HAZIRIZ<\/p>\n\n\n\n<p>Antalya B\u00fcy\u00fck\u015fehir Belediyesi ve ANTAB Ba\u015fkan\u0131 Muhittin B\u00f6cek, birlik \u00fcyelerine te\u015fekk\u00fcr ederek, Antalya turizmini daha da ileriye ta\u015f\u0131mak i\u00e7in birlikte \u00e7al\u0131\u015fmaya devam edeceklerini s\u00f6yledi. Antalya turizminin yaln\u0131zca \u015fehre de\u011fil \u00fclke ekonomisine de ciddi katk\u0131lar sa\u011flad\u0131\u011f\u0131na de\u011finen Ba\u015fkan B\u00f6cek, \u201cTurizmimizi geli\u015ftirerek, hem \u015fehrimizin hem de \u00fclkemizin kalk\u0131nmas\u0131na daha fazla katk\u0131 sa\u011flamay\u0131 hedefliyoruz. Turizmcilerimiz kadar biz yerel y\u00f6netimlere de bu konuda \u00f6nemli g\u00f6revler d\u00fc\u015f\u00fcyor. Bug\u00fcne kadar oldu\u011fu gibi bundan sonra da \u00fczerimize d\u00fc\u015fenleri yapmaya haz\u0131r\u0131z. Antalya turizminin s\u00fcrd\u00fcr\u00fclebilirli\u011fi i\u00e7in \u00f6zellikle \u00e7evre ve do\u011fan\u0131n ne kadar \u00f6nemli oldu\u011funu biliyor ve bu konuda hassasiyetle \u00e7al\u0131\u015f\u0131yoruz. Bundan sonra da \u00e7evre ile ilgili yat\u0131r\u0131m ve projelerimiz devam ederken tan\u0131t\u0131m ba\u015fta olmak \u00fczere her t\u00fcrl\u00fc ihtiya\u00e7 duyulan konuda sekt\u00f6r temsilcilerimiz ve belediye ba\u015fkan\u0131 arkada\u015flar\u0131m\u0131zla ortak hareket etmeye devam edece\u011fiz\u201d dedi.<\/p>\n\n\n\n<p>Antalya B\u00fcy\u00fck\u015fehir Belediyesi \/ B\u00fclten<\/p>\n","protected":false},"excerpt":{"rendered":"<p>Antalya Turizm Koruma ve Geli\u015fim B\u00f6lgesi Altyap\u0131 Hizmet Birli\u011fi\u2019nin (ANTAB)2023 y\u0131l\u0131 2. d\u00f6nem meclis toplant\u0131s\u0131 yap\u0131ld\u0131. Ba\u015fkan Muhittin B\u00f6cek\u2019in ba\u015fkanl\u0131\u011f\u0131nda ger\u00e7ekle\u015fen toplant\u0131da ANTAB\u2019\u0131n 2024 y\u0131l\u0131 <a href=\"https:\/\/akdenizhaber.com.tr\/index.php\/2023\/12\/06\/baskan-bocek-turizm-icin-ortak-hareket-etmeye-devam-edecegiz\/\" class=\"read-more-link\">[more&#8230;]<\/a><\/p>\n","protected":false},"author":2,"featured_media":18416,"comment_status":"open","ping_status":"open","sticky":false,"template":"","format":"standard","meta":{"footnotes":""},"categories":[2],"tags":[],"class_list":["post-18415","post","type-post","status-publish","format-standard","has-post-thumbnail","hentry","category-gundem"],"_links":{"self":[{"href":"https:\/\/akdenizhaber.com.tr\/index.php\/wp-json\/wp\/v2\/posts\/18415","targetHints":{"allow":["GET"]}}],"collection":[{"href":"https:\/\/akdenizhaber.com.tr\/index.php\/wp-json\/wp\/v2\/posts"}],"about":[{"href":"https:\/\/akdenizhaber.com.tr\/index.php\/wp-json\/wp\/v2\/types\/post"}],"author":[{"embeddable":true,"href":"https:\/\/akdenizhaber.com.tr\/index.php\/wp-json\/wp\/v2\/users\/2"}],"replies":[{"embeddable":true,"href":"https:\/\/akdenizhaber.com.tr\/index.php\/wp-json\/wp\/v2\/comments?post=18415"}],"version-history":[{"count":0,"href":"https:\/\/akdenizhaber.com.tr\/index.php\/wp-json\/wp\/v2\/posts\/18415\/revisions"}],"wp:featuredmedia":[{"embeddable":true,"href":"https:\/\/akdenizhaber.com.tr\/index.php\/wp-json\/wp\/v2\/media\/18416"}],"wp:attachment":[{"href":"https:\/\/akdenizhaber.com.tr\/index.php\/wp-json\/wp\/v2\/media?parent=18415"}],"wp:term":[{"taxonomy":"category","embeddable":true,"href":"https:\/\/akdenizhaber.com.tr\/index.php\/wp-json\/wp\/v2\/categories?post=18415"},{"taxonomy":"post_tag","embeddable":true,"href":"https:\/\/akdenizhaber.com.tr\/index.php\/wp-json\/wp\/v2\/tags?post=18415"}],"curies":[{"name":"wp","href":"https:\/\/api.w.org\/{rel}","templated":true}]}}