{"id":18412,"date":"2023-12-06T13:17:08","date_gmt":"2023-12-06T10:17:08","guid":{"rendered":"https:\/\/akdenizhaber.com.tr\/?p=18412"},"modified":"2023-12-06T13:17:08","modified_gmt":"2023-12-06T10:17:08","slug":"bozkurt-yarin-secim-olacakmis-gibi-haziriz","status":"publish","type":"post","link":"https:\/\/akdenizhaber.com.tr\/index.php\/2023\/12\/06\/bozkurt-yarin-secim-olacakmis-gibi-haziriz\/","title":{"rendered":"Bozkurt, \u201cYar\u0131n se\u00e7im olacakm\u0131\u015f gibi haz\u0131r\u0131z\u201d"},"content":{"rendered":"\n<p><\/p>\n\n\n\n<p>B\u00fcy\u00fck Birlik Partisi (BBP) Antalya \u0130l Ba\u015fkanl\u0131\u011f\u0131\u2019nda g\u00f6rev de\u011fi\u015fimi. \u0130l eski ba\u015fkan\u0131 Murat Bar\u0131\u015f g\u00f6revini Mustafa Y\u0131lmaz\u2019a devretti. Devir teslim t\u00f6reninde BBP Genel Ba\u015fkan Yard\u0131mc\u0131s\u0131 Alaaddin \u00c7ak\u0131r ile MKYK \u00fcyesi \u015euayip Bozkurt haz\u0131r bulundu.<\/p>\n\n\n\n<p>Yerel se\u00e7imlere k\u0131sa bir s\u00fcre kala siyasi partilerde hareketlilikler ya\u015fan\u0131yor. Cumhur \u0130ttifak\u0131\u2019n\u0131n bile\u015feni partilerinden BBP, Antalya ve il\u00e7elerinde te\u015fkilat yap\u0131lanmalar\u0131n\u0131 yeniliyor. BBP Merkez Karar Y\u00fcr\u00fctme Kurulu\u2019nun (MKYK) Kas\u0131m ay\u0131n\u0131n ikinci toplant\u0131s\u0131nda ald\u0131\u011f\u0131 kararla Antalya \u0130l Ba\u015fkanl\u0131\u011f\u0131\u2019na Mustafa Y\u0131lmaz atand\u0131.<\/p>\n\n\n\n<p>BBP MKYK \u00dcyesi \u015euayip Bozkurt devir teslim sonras\u0131nda yapt\u0131\u011f\u0131 a\u00e7\u0131klamada; Cumhur \u0130ttifak\u0131\u2019n\u0131n bile\u015feni olarak \u201c\u00c7okluk i\u00e7erisinde Birlik\u201d mesaj\u0131n\u0131 verdiklerini s\u00f6yledi.<\/p>\n\n\n\n<p>Bozkurt, \u201cYar\u0131n se\u00e7im olacakm\u0131\u015f gibi haz\u0131r\u0131z\u201d<\/p>\n\n\n\n<p>Yerel se\u00e7imlerde y\u00fcr\u00fcyecekleri yolun Aral\u0131k ay\u0131n\u0131n ikinci haftas\u0131nda MKYK\u2019n\u0131n alaca\u011f\u0131 kararlar do\u011frultusunda belirlenece\u011fini belirten Bozkurt, \u201cBBP olarak yar\u0131n se\u00e7im olacakm\u0131\u015f gibi haz\u0131r\u0131z. Bu ba\u011flamda te\u015fkilatlar\u0131m\u0131z\u0131 g\u00fc\u00e7lendiriyor ve \u00e7o\u011falt\u0131yoruz. \u015eehit liderimiz Muhsin Yaz\u0131c\u0131o\u011flu\u2019nun inan\u00e7lar\u0131ndan, ilkelerinden ve felsefesinden bir ad\u0131m geri atmad\u0131k. O\u2019nun bizlere miras b\u0131rakt\u0131\u011f\u0131 Devlet terbiyesi, vatan sevgisi anlay\u0131\u015f\u0131 neyi nas\u0131l yapmam\u0131z gerekti\u011fini \u00f6\u011frettiyse, o y\u00f6nde hareket edece\u011fiz. Bu ba\u011flamda g\u00f6reve yeni atanan de\u011ferli dava arkada\u015f\u0131m Mustafa Y\u0131lmaz\u2019a ba\u015far\u0131lar dilerim. Ayr\u0131ca m\u00fccadelesinden dolay\u0131 g\u00f6revini devreden Murat Bar\u0131\u015f\u2019a da bundan sonraki hayat\u0131nda ba\u015far\u0131lar dilerim\u201d dedi.<\/p>\n\n\n\n<p>B\u00fcy\u00fck Birlik Partisi \/ B\u00fclten<\/p>\n","protected":false},"excerpt":{"rendered":"<p>B\u00fcy\u00fck Birlik Partisi (BBP) Antalya \u0130l Ba\u015fkanl\u0131\u011f\u0131\u2019nda g\u00f6rev de\u011fi\u015fimi. \u0130l eski ba\u015fkan\u0131 Murat Bar\u0131\u015f g\u00f6revini Mustafa Y\u0131lmaz\u2019a devretti. Devir teslim t\u00f6reninde BBP Genel Ba\u015fkan Yard\u0131mc\u0131s\u0131 <a href=\"https:\/\/akdenizhaber.com.tr\/index.php\/2023\/12\/06\/bozkurt-yarin-secim-olacakmis-gibi-haziriz\/\" class=\"read-more-link\">[more&#8230;]<\/a><\/p>\n","protected":false},"author":2,"featured_media":18413,"comment_status":"open","ping_status":"open","sticky":false,"template":"","format":"standard","meta":{"footnotes":""},"categories":[2],"tags":[],"class_list":["post-18412","post","type-post","status-publish","format-standard","has-post-thumbnail","hentry","category-gundem"],"_links":{"self":[{"href":"https:\/\/akdenizhaber.com.tr\/index.php\/wp-json\/wp\/v2\/posts\/18412","targetHints":{"allow":["GET"]}}],"collection":[{"href":"https:\/\/akdenizhaber.com.tr\/index.php\/wp-json\/wp\/v2\/posts"}],"about":[{"href":"https:\/\/akdenizhaber.com.tr\/index.php\/wp-json\/wp\/v2\/types\/post"}],"author":[{"embeddable":true,"href":"https:\/\/akdenizhaber.com.tr\/index.php\/wp-json\/wp\/v2\/users\/2"}],"replies":[{"embeddable":true,"href":"https:\/\/akdenizhaber.com.tr\/index.php\/wp-json\/wp\/v2\/comments?post=18412"}],"version-history":[{"count":0,"href":"https:\/\/akdenizhaber.com.tr\/index.php\/wp-json\/wp\/v2\/posts\/18412\/revisions"}],"wp:featuredmedia":[{"embeddable":true,"href":"https:\/\/akdenizhaber.com.tr\/index.php\/wp-json\/wp\/v2\/media\/18413"}],"wp:attachment":[{"href":"https:\/\/akdenizhaber.com.tr\/index.php\/wp-json\/wp\/v2\/media?parent=18412"}],"wp:term":[{"taxonomy":"category","embeddable":true,"href":"https:\/\/akdenizhaber.com.tr\/index.php\/wp-json\/wp\/v2\/categories?post=18412"},{"taxonomy":"post_tag","embeddable":true,"href":"https:\/\/akdenizhaber.com.tr\/index.php\/wp-json\/wp\/v2\/tags?post=18412"}],"curies":[{"name":"wp","href":"https:\/\/api.w.org\/{rel}","templated":true}]}}