{"id":18409,"date":"2023-12-06T13:16:16","date_gmt":"2023-12-06T10:16:16","guid":{"rendered":"https:\/\/akdenizhaber.com.tr\/?p=18409"},"modified":"2023-12-06T13:16:16","modified_gmt":"2023-12-06T10:16:16","slug":"dunyada-ev-kirasinin-en-yuksek-oldugu-tek-ulke-turkiye","status":"publish","type":"post","link":"https:\/\/akdenizhaber.com.tr\/index.php\/2023\/12\/06\/dunyada-ev-kirasinin-en-yuksek-oldugu-tek-ulke-turkiye\/","title":{"rendered":"D\u00fcnyada ev kiras\u0131n\u0131n en y\u00fcksek oldu\u011fu tek \u00fclke T\u00fcrkiye"},"content":{"rendered":"\n<p><\/p>\n\n\n\n<p>Saadet Partisi(SP) Manavgat \u0130l\u00e7e Ba\u015fkan\u0131 \u0130lhami Demiral, d\u00fcnyada ev kiras\u0131n\u0131 emekli maa\u015f\u0131ndan daha y\u00fcksek oldu\u011fu tek \u00fclkenin T\u00fcrkiye oldu\u011funu s\u00f6yledi.<\/p>\n\n\n\n<p>Rusya&#8217;n\u0131n Ukrayna&#8217;ya sald\u0131rmas\u0131 Rus ve Ukraynal\u0131lar\u0131n&nbsp; en fazla yerle\u015fti\u011fi ilin Antalya oldu\u011funu s\u00f6yleyen SP Manavgat \u0130l\u00e7e Ba\u015fkan\u0131 \u0130lhami Demiral,&#8221; Cumhuriyet tarihi s\u00fcresince ilk defa en d\u00fc\u015f\u00fck emekli maa\u015f\u0131n\u0131n 7 bin 500 lira oldu\u011fu \u00fclkemizde 3+1 ortalama bir daire kiras\u0131 10 bin lira ilk defa 21 y\u0131ll\u0131k Ak Parti iktidar\u0131nda g\u00f6rd\u00fc. D\u00fcnyan\u0131n hi\u00e7 bir \u00fclkesinde b\u00f6yle bir durum yok.&nbsp; Ak Parti iktidar\u0131nda zengin daha zengin fakir daha fakir oldu. \u00dclkemizde en d\u00fc\u015f\u00fck emekli maa\u015f\u0131n\u0131n Avrupa Birli\u011fi(AB)&nbsp; Para birimi Euro kar\u015f\u0131l\u0131\u011f\u0131 264 Euro. Bunun ad\u0131 modern k\u00f6lelik.&#8221; dedi.<\/p>\n\n\n\n<p>T\u00fcrkiye turizminin ba\u015fkenti Antalya&#8217;da 20 Kas\u0131m&#8217;da turizm sezonunun sona ermesi ile yakla\u015f\u0131k 300 bin turizm \u00e7al\u0131\u015fan\u0131n\u0131n otellerin kapanmas\u0131 ile i\u015fsiz kald\u0131\u011f\u0131n\u0131 vurgulayan \u0130lhami Demiral, konu\u015fmas\u0131n\u0131 \u015fu s\u00f6zlerle tamamlad\u0131:&#8221; 300 bin turizm \u00e7al\u0131\u015fan\u0131n\u0131n y\u00fczde 80 , 5 ay i\u015fsiz&nbsp; kalacak. Be\u015f i\u015fsiz kalan turizm \u00e7al\u0131\u015fan\u0131n\u0131n evine asgari \u00fccretli de olsa&nbsp; maa\u015f girmeden nas\u0131l ya\u015fayacak?. Devlet be\u015f ay&nbsp; i\u015fsiz kalan turizm \u00e7al\u0131\u015fan\u0131na en az ayl\u0131k 10 bin lira ev kiras\u0131 deste\u011fi vermeli?&#8221;<\/p>\n\n\n\n<p>Haber\/Abdurrahman B\u00fcy\u00fckkeskin<\/p>\n","protected":false},"excerpt":{"rendered":"<p>Saadet Partisi(SP) Manavgat \u0130l\u00e7e Ba\u015fkan\u0131 \u0130lhami Demiral, d\u00fcnyada ev kiras\u0131n\u0131 emekli maa\u015f\u0131ndan daha y\u00fcksek oldu\u011fu tek \u00fclkenin T\u00fcrkiye oldu\u011funu s\u00f6yledi. Rusya&#8217;n\u0131n Ukrayna&#8217;ya sald\u0131rmas\u0131 Rus ve <a href=\"https:\/\/akdenizhaber.com.tr\/index.php\/2023\/12\/06\/dunyada-ev-kirasinin-en-yuksek-oldugu-tek-ulke-turkiye\/\" class=\"read-more-link\">[more&#8230;]<\/a><\/p>\n","protected":false},"author":2,"featured_media":18410,"comment_status":"open","ping_status":"open","sticky":false,"template":"","format":"standard","meta":{"footnotes":""},"categories":[2],"tags":[],"class_list":["post-18409","post","type-post","status-publish","format-standard","has-post-thumbnail","hentry","category-gundem"],"_links":{"self":[{"href":"https:\/\/akdenizhaber.com.tr\/index.php\/wp-json\/wp\/v2\/posts\/18409","targetHints":{"allow":["GET"]}}],"collection":[{"href":"https:\/\/akdenizhaber.com.tr\/index.php\/wp-json\/wp\/v2\/posts"}],"about":[{"href":"https:\/\/akdenizhaber.com.tr\/index.php\/wp-json\/wp\/v2\/types\/post"}],"author":[{"embeddable":true,"href":"https:\/\/akdenizhaber.com.tr\/index.php\/wp-json\/wp\/v2\/users\/2"}],"replies":[{"embeddable":true,"href":"https:\/\/akdenizhaber.com.tr\/index.php\/wp-json\/wp\/v2\/comments?post=18409"}],"version-history":[{"count":0,"href":"https:\/\/akdenizhaber.com.tr\/index.php\/wp-json\/wp\/v2\/posts\/18409\/revisions"}],"wp:featuredmedia":[{"embeddable":true,"href":"https:\/\/akdenizhaber.com.tr\/index.php\/wp-json\/wp\/v2\/media\/18410"}],"wp:attachment":[{"href":"https:\/\/akdenizhaber.com.tr\/index.php\/wp-json\/wp\/v2\/media?parent=18409"}],"wp:term":[{"taxonomy":"category","embeddable":true,"href":"https:\/\/akdenizhaber.com.tr\/index.php\/wp-json\/wp\/v2\/categories?post=18409"},{"taxonomy":"post_tag","embeddable":true,"href":"https:\/\/akdenizhaber.com.tr\/index.php\/wp-json\/wp\/v2\/tags?post=18409"}],"curies":[{"name":"wp","href":"https:\/\/api.w.org\/{rel}","templated":true}]}}