{"id":18403,"date":"2023-12-06T13:13:38","date_gmt":"2023-12-06T10:13:38","guid":{"rendered":"https:\/\/akdenizhaber.com.tr\/?p=18403"},"modified":"2023-12-06T13:13:39","modified_gmt":"2023-12-06T10:13:39","slug":"pazarci-esnafi-turistik-esya-saticilarinin-yuzunu-alman-turistler-guldurur","status":"publish","type":"post","link":"https:\/\/akdenizhaber.com.tr\/index.php\/2023\/12\/06\/pazarci-esnafi-turistik-esya-saticilarinin-yuzunu-alman-turistler-guldurur\/","title":{"rendered":"Pazarc\u0131 esnaf\u0131: Turistik e\u015fya sat\u0131c\u0131lar\u0131n\u0131n y\u00fcz\u00fcn\u00fc Alman turistler g\u00fcld\u00fcr\u00fcr"},"content":{"rendered":"\n<p><\/p>\n\n\n\n<p>Manavgat&#8217;ta turistik pazarlarda hediyelik e\u015fya sat\u0131c\u0131lar\u0131 2023 turizm sezonunda harcama yapma potansiyeli turist gelmesinden dert yan\u0131yor. Turistik pazarlarda turistik e\u015fya sat\u0131c\u0131lar\u0131 sezonda Alman turist gelmemesi nedeni ile turizm sezonunun turistik e\u015fya sat\u0131c\u0131lar\u0131 i\u00e7in \u00e7ok zor bir sezon oldu\u011funu s\u00f6yl\u00fcyor.<\/p>\n\n\n\n<p>Turistik pazarlarda hediyelik e\u015fya sat\u0131c\u0131l\u0131\u011f\u0131 yapan Ercan Akarsu, &#8220;Manavgat turistik pazarlar\u0131n\u0131n can suyu her zaman Alman turistler oldu. Alman turistler bir Rus, bir Balkan \u00fclkeleri ve Balt\u0131k \u00fclke ile T\u00fcrk Cumhuriyetlerinden gelen turistlere g\u00f6re 5 kat daha fazla al\u0131\u015fveri\u015f yap\u0131yor. Manavgat&#8217;ta turistik pazarlarda bin 600 turistik e\u015fya satan&nbsp; sabit ve seyyar pazarc\u0131 sergi a\u00e7\u0131yor. Manavgat&#8217;ta son 35&nbsp; y\u0131ld\u0131r turistik pazarlar\u0131 Alman turistler olu\u015fturuyor. Alman turist gelmeden turistik e\u015fya satan esnaf\u0131n y\u00fcz\u00fc g\u00fclmez.&#8221; dedi.<\/p>\n\n\n\n<p>Haber\/Abdurrahman B\u00fcy\u00fckkeskin<\/p>\n","protected":false},"excerpt":{"rendered":"<p>Manavgat&#8217;ta turistik pazarlarda hediyelik e\u015fya sat\u0131c\u0131lar\u0131 2023 turizm sezonunda harcama yapma potansiyeli turist gelmesinden dert yan\u0131yor. Turistik pazarlarda turistik e\u015fya sat\u0131c\u0131lar\u0131 sezonda Alman turist gelmemesi <a href=\"https:\/\/akdenizhaber.com.tr\/index.php\/2023\/12\/06\/pazarci-esnafi-turistik-esya-saticilarinin-yuzunu-alman-turistler-guldurur\/\" class=\"read-more-link\">[more&#8230;]<\/a><\/p>\n","protected":false},"author":2,"featured_media":18404,"comment_status":"open","ping_status":"open","sticky":false,"template":"","format":"standard","meta":{"footnotes":""},"categories":[2],"tags":[],"class_list":["post-18403","post","type-post","status-publish","format-standard","has-post-thumbnail","hentry","category-gundem"],"_links":{"self":[{"href":"https:\/\/akdenizhaber.com.tr\/index.php\/wp-json\/wp\/v2\/posts\/18403","targetHints":{"allow":["GET"]}}],"collection":[{"href":"https:\/\/akdenizhaber.com.tr\/index.php\/wp-json\/wp\/v2\/posts"}],"about":[{"href":"https:\/\/akdenizhaber.com.tr\/index.php\/wp-json\/wp\/v2\/types\/post"}],"author":[{"embeddable":true,"href":"https:\/\/akdenizhaber.com.tr\/index.php\/wp-json\/wp\/v2\/users\/2"}],"replies":[{"embeddable":true,"href":"https:\/\/akdenizhaber.com.tr\/index.php\/wp-json\/wp\/v2\/comments?post=18403"}],"version-history":[{"count":0,"href":"https:\/\/akdenizhaber.com.tr\/index.php\/wp-json\/wp\/v2\/posts\/18403\/revisions"}],"wp:featuredmedia":[{"embeddable":true,"href":"https:\/\/akdenizhaber.com.tr\/index.php\/wp-json\/wp\/v2\/media\/18404"}],"wp:attachment":[{"href":"https:\/\/akdenizhaber.com.tr\/index.php\/wp-json\/wp\/v2\/media?parent=18403"}],"wp:term":[{"taxonomy":"category","embeddable":true,"href":"https:\/\/akdenizhaber.com.tr\/index.php\/wp-json\/wp\/v2\/categories?post=18403"},{"taxonomy":"post_tag","embeddable":true,"href":"https:\/\/akdenizhaber.com.tr\/index.php\/wp-json\/wp\/v2\/tags?post=18403"}],"curies":[{"name":"wp","href":"https:\/\/api.w.org\/{rel}","templated":true}]}}