{"id":18362,"date":"2023-12-05T15:38:12","date_gmt":"2023-12-05T12:38:12","guid":{"rendered":"https:\/\/akdenizhaber.com.tr\/?p=18362"},"modified":"2023-12-05T15:38:13","modified_gmt":"2023-12-05T12:38:13","slug":"baskan-bocek-asil-engel-sevgisizlik-hosgorusuzluktur","status":"publish","type":"post","link":"https:\/\/akdenizhaber.com.tr\/index.php\/2023\/12\/05\/baskan-bocek-asil-engel-sevgisizlik-hosgorusuzluktur\/","title":{"rendered":"Ba\u015fkan B\u00f6cek: \u201cAs\u0131l engel sevgisizlik, ho\u015fg\u00f6r\u00fcs\u00fczl\u00fckt\u00fcr\u201d"},"content":{"rendered":"\n<p><\/p>\n\n\n\n<p>Antalya B\u00fcy\u00fck\u015fehir Belediye Ba\u015fkan\u0131 Muhittin B\u00f6cek, 3 Aral\u0131k D\u00fcnya Engelliler G\u00fcn\u00fc etkinlikleri kapsam\u0131nda, Antalya\u2019n\u0131n 19 il\u00e7esinden gelen engelli bireyler ile bir araya geldi.<\/p>\n\n\n\n<p>Ba\u015fkan B\u00f6cek, \u201cAram\u0131zda hi\u00e7bir zaman engeller olmad\u0131 ve hi\u00e7bir zaman engeller olmayacak.&nbsp;As\u0131l engel sevgisizliktir, ho\u015fg\u00f6r\u00fcs\u00fczl\u00fckt\u00fcr. Sizler i\u00e7in hizmet etmek boynumun borcudur\u201d dedi.<\/p>\n\n\n\n<p>Antalya B\u00fcy\u00fck\u015fehir Belediyesi\u2019nin 3 Aral\u0131k D\u00fcnya Engelliler G\u00fcn\u00fc nedeniyle organize etti\u011fi yemekli bulu\u015fmaya B\u00fcy\u00fck\u015fehir Belediye Ba\u015fkan\u0131 Muhittin B\u00f6cek,Aile ve Sosyal Hizmetler Bakanl\u0131\u011f\u0131 Antalya \u0130l M\u00fcd\u00fcr\u00fc Galip S\u00f6kmen, dernek, STK ve engelli bireyler kat\u0131ld\u0131. Engelli bireylerle tek tek ilgilenen Ba\u015fkan Muhittin B\u00f6cek, sohbet etti.<\/p>\n\n\n\n<p>DESTE\u011e\u0130M\u0130Z B\u0130R G\u00dcN DE\u011e\u0130L 365 G\u00dcN<\/p>\n\n\n\n<p>B\u00fcy\u00fck\u015fehir Belediye Ba\u015fkan\u0131 Muhittin B\u00f6cek,farkl\u0131l\u0131klara sayg\u0131 g\u00f6sterilen engelsiz bir d\u00fcnya i\u00e7in t\u00fcm engelleri beraber a\u015fmakta kararl\u0131 olduklar\u0131n\u0131 s\u00f6yledi. Ba\u015fkan B\u00f6cek, planl\u0131 kurall\u0131 bir kent hedefiyle \u00e7\u0131kt\u0131klar\u0131 yolda, engelli bireylerin ihtiya\u00e7lar\u0131n\u0131 dikkate alarak, aktif ya\u015famda yer almalar\u0131 i\u00e7in sadece 1 g\u00fcn de\u011fil 365 g\u00fcn desteklerini s\u00fcrd\u00fcrd\u00fcklerini kaydetti.<\/p>\n\n\n\n<p>SORUNLARI \u00c7\u00d6ZMEK \u0130\u00c7\u0130N \u00c7ALI\u015eIYORUZ<\/p>\n\n\n\n<p>B\u00fcy\u00fck\u015fehir Belediyesi olarak 26 bin metrekare alanda, T\u00fcrkiye\u2019nin en b\u00fcy\u00fck \u00f6zel e\u011fitim okulu ve rehabilitasyon merkezimizde 500\u2019\u00fcn \u00fczerinde \u00f6zel gereksinimli bireye d\u00fcnya standartlar\u0131nda rehabilitasyon ve e\u011fitim hizmeti verdiklerini aktaran Ba\u015fkan Muhittin B\u00f6cek, \u201cAntalya merkez ve il\u00e7elerimizde bulunan engelli hizmet merkezlerimizle engellilerin sorunlar\u0131na daha kolay ve daha h\u0131zl\u0131 \u00e7\u00f6z\u00fcm konusunda yard\u0131mc\u0131 oluyoruz. Engelsiz ula\u015f\u0131m ara\u00e7lar\u0131m\u0131z ile bedensel engeli vatanda\u015flar\u0131m\u0131za, hastane ve di\u011fer kamu kurum ve kurulu\u015flar\u0131ndaki randevular\u0131 i\u00e7in \u00fccretsiz ula\u015f\u0131m hizmeti vermekteyiz.&nbsp;\u0130limizde ya\u015fayan ve Antalya\u2019m\u0131z\u0131 ziyaret eden&nbsp; t\u00fcm engelli vatanda\u015flar\u0131m\u0131z i\u00e7in engelsiz plajlar\u0131m\u0131zla hizmet vermekteyiz\u201d dedi.<\/p>\n\n\n\n<p>HAYAT KOLAYLA\u015eTIRICI H\u0130ZMETLER<\/p>\n\n\n\n<p>Kamusal alanlarda, yol, park, cadde gibi alt yap\u0131 \u00e7al\u0131\u015fmalar\u0131nda eri\u015febilirlik \u00e7al\u0131\u015fmalar\u0131n\u0131 her ge\u00e7en g\u00fcn art\u0131rd\u0131klar\u0131n\u0131 anlatan Ba\u015fkan B\u00f6cek, \u015funlar\u0131 s\u00f6yledi: \u201cEngelli bireylerin \u00f6zel m\u00fclkiyetlerinde ya\u015fam\u0131 kolayla\u015ft\u0131r\u0131c\u0131 d\u00fczenlemelerimiz devam etmektedir.Engelli vatanda\u015flar\u0131m\u0131za, ihtiya\u00e7lar\u0131 do\u011frultusunda; tekerlekli sandalye, beyaz baston, g\u0131da, a\u015fevi, e\u015fya, giysi, nakdi ve ayni yard\u0131mlar yap\u0131yor, dan\u0131\u015fmanl\u0131k-rehberlik hizmetleri veriyoruz.&nbsp;Evde bak\u0131m ekibimizdeki doktor ve hem\u015firelerimiz, engelli bireylerin sa\u011fl\u0131k kontrollerini yapmakta, engelli vatanda\u015flar\u0131m\u0131z\u0131n \u00f6zbak\u0131mlar\u0131, ev temizli\u011fi gibi g\u00fcnl\u00fck ihtiya\u00e7lar\u0131n\u0131 gidermekteyiz.\u201d<\/p>\n\n\n\n<p>S\u0130ZLERE H\u0130ZMET ETMEK BOYNUMUN BORCU<\/p>\n\n\n\n<p>Engellilere, y\u00fczde 10 olan su indirim oran\u0131n\u0131 y\u00fczde 40\u2019\u00fc \u00e7\u0131kararak, daha \u00e7ok destek olmaya \u00e7al\u0131\u015ft\u0131klar\u0131n\u0131 kaydeden Ba\u015fkan Muhittin B\u00f6cek, \u201c\u0130lgili kamu kurumlar\u0131 ve STK temsilcilerinin kat\u0131l\u0131m\u0131 ile olu\u015fturdu\u011fumuz engelsiz hizmet komisyonumuz, sizlere daha iyi hizmet i\u00e7in ortak ak\u0131lla \u00e7al\u0131\u015fmalar\u0131n\u0131 s\u00fcrd\u00fcrmektedir.Ba\u015fkan dan\u0131\u015fman\u0131 olarak atamas\u0131n\u0131 yapt\u0131\u011f\u0131m T\u00fcrkiye Sakatlar Derne\u011fi Antalya \u015eube Ba\u015fkan\u0131 MehmetKaravuralsizlerin sesi olmakta, sizler ad\u0131na en iyisinin yap\u0131lmas\u0131 i\u00e7in b\u00fcy\u00fck gayret g\u00f6stermektedir.Abiniz Muhittin B\u00f6cek olarak daha \u00f6nce de s\u00f6yledi\u011fim gibi aram\u0131zda hi\u00e7bir zaman engeller olmad\u0131 ve hi\u00e7bir zaman engeller olmayacak.&nbsp;As\u0131l engel sevgisizliktir, ho\u015fg\u00f6r\u00fcs\u00fczl\u00fckt\u00fcr. Sizler i\u00e7in hizmet etmek boynumun borcudur.\u201d<\/p>\n\n\n\n<p>Ba\u015fkan Muhittin B\u00f6cek, etkinlik sonunda engelli bireylere \u00e7i\u00e7ek verdi.<\/p>\n\n\n\n<p>(Haber Merkezi)<\/p>\n","protected":false},"excerpt":{"rendered":"<p>Antalya B\u00fcy\u00fck\u015fehir Belediye Ba\u015fkan\u0131 Muhittin B\u00f6cek, 3 Aral\u0131k D\u00fcnya Engelliler G\u00fcn\u00fc etkinlikleri kapsam\u0131nda, Antalya\u2019n\u0131n 19 il\u00e7esinden gelen engelli bireyler ile bir araya geldi. Ba\u015fkan B\u00f6cek, <a href=\"https:\/\/akdenizhaber.com.tr\/index.php\/2023\/12\/05\/baskan-bocek-asil-engel-sevgisizlik-hosgorusuzluktur\/\" class=\"read-more-link\">[more&#8230;]<\/a><\/p>\n","protected":false},"author":2,"featured_media":18363,"comment_status":"open","ping_status":"open","sticky":false,"template":"","format":"standard","meta":{"footnotes":""},"categories":[2],"tags":[],"class_list":["post-18362","post","type-post","status-publish","format-standard","has-post-thumbnail","hentry","category-gundem"],"_links":{"self":[{"href":"https:\/\/akdenizhaber.com.tr\/index.php\/wp-json\/wp\/v2\/posts\/18362","targetHints":{"allow":["GET"]}}],"collection":[{"href":"https:\/\/akdenizhaber.com.tr\/index.php\/wp-json\/wp\/v2\/posts"}],"about":[{"href":"https:\/\/akdenizhaber.com.tr\/index.php\/wp-json\/wp\/v2\/types\/post"}],"author":[{"embeddable":true,"href":"https:\/\/akdenizhaber.com.tr\/index.php\/wp-json\/wp\/v2\/users\/2"}],"replies":[{"embeddable":true,"href":"https:\/\/akdenizhaber.com.tr\/index.php\/wp-json\/wp\/v2\/comments?post=18362"}],"version-history":[{"count":0,"href":"https:\/\/akdenizhaber.com.tr\/index.php\/wp-json\/wp\/v2\/posts\/18362\/revisions"}],"wp:featuredmedia":[{"embeddable":true,"href":"https:\/\/akdenizhaber.com.tr\/index.php\/wp-json\/wp\/v2\/media\/18363"}],"wp:attachment":[{"href":"https:\/\/akdenizhaber.com.tr\/index.php\/wp-json\/wp\/v2\/media?parent=18362"}],"wp:term":[{"taxonomy":"category","embeddable":true,"href":"https:\/\/akdenizhaber.com.tr\/index.php\/wp-json\/wp\/v2\/categories?post=18362"},{"taxonomy":"post_tag","embeddable":true,"href":"https:\/\/akdenizhaber.com.tr\/index.php\/wp-json\/wp\/v2\/tags?post=18362"}],"curies":[{"name":"wp","href":"https:\/\/api.w.org\/{rel}","templated":true}]}}