{"id":18359,"date":"2023-12-05T15:36:25","date_gmt":"2023-12-05T12:36:25","guid":{"rendered":"https:\/\/akdenizhaber.com.tr\/?p=18359"},"modified":"2023-12-05T15:36:26","modified_gmt":"2023-12-05T12:36:26","slug":"hakan-halim-okudan-aksu-belediye-baskan-adayi","status":"publish","type":"post","link":"https:\/\/akdenizhaber.com.tr\/index.php\/2023\/12\/05\/hakan-halim-okudan-aksu-belediye-baskan-adayi\/","title":{"rendered":"Hakan Halim Okudan Aksu Belediye Ba\u015fkan Aday\u0131"},"content":{"rendered":"\n<p><\/p>\n\n\n\n<p>Ta\u015f ve mermer ocaklar\u0131na kar\u015f\u0131 verdi\u011fi m\u00fccadele ile tan\u0131nan Be\u015fkonakl\u0131lar Dernek Ba\u015fkan\u0131 Hakan Halim Okudan DEVA Partili oldu. Genel Ba\u015fkan Ali Babacan\u2019\u0131n rozet takt\u0131\u011f\u0131 Okudan, Aksu Belediye Ba\u015fkan aday\u0131 olarak tan\u0131t\u0131ld\u0131.<\/p>\n\n\n\n<p>Ta\u015f ve mermer ocaklar\u0131na kar\u015f\u0131 verdi\u011fi m\u00fccadele ile tan\u0131nan Be\u015fkonakl\u0131lar Dernek Ba\u015fkan\u0131 Hakan Halim Okudan, \u00e7ok say\u0131da tehdit almas\u0131na ra\u011fmen m\u00fccadelesine devam etti. Okudan, DEVA Partisi Genel Merkezi\u2019nde d\u00fczenlenen t\u00f6renle DEVA Partili oldu. Genel Ba\u015fkan Ali Babacan\u2019\u0131n parti rozeti takt\u0131\u011f\u0131 Okudan, Aksu Belediye Ba\u015fkan aday\u0131 olarak tan\u0131t\u0131ld\u0131. Babacan, Aksu il\u00e7esini \u00e7ok istedi\u011fini ve bu nedenle b\u00f6lgede g\u00fc\u00e7l\u00fc bir isim olan ziraat m\u00fchendisi, Hakan Halim Okudan\u2019\u0131 aday g\u00f6sterdiklerini s\u00f6yledi.<\/p>\n\n\n\n<p>&nbsp;\u0130LK Z\u0130YARET AGC BA\u015eKANI TA\u015e\u2019A<\/p>\n\n\n\n<p>Genel Ba\u015fkan Babacan, Okudan&#8217;a g\u00fcvendiklerini ve il\u00e7ede \u015fanslar\u0131n\u0131n \u00e7ok y\u00fcksek oldu\u011funu ifade etti&#8230; Aksu il\u00e7esinde Be\u015fkonak n\u00fcfusunun bir hayli fazla oldu\u011funun alt\u0131n\u0131 \u00e7izen siyasi \u00e7evreler, y\u0131pranmam\u0131\u015f gen\u00e7 bir isim olan Hakan Halim Okudan&#8217;\u0131n\u2019\u0131n ba\u015far\u0131l\u0131 olaca\u011f\u0131na inan\u0131yor. Okudan ise DEVA belediyecili\u011fini Aksu\u2019da g\u00f6stereceklerini ifade etti. Okudan ve \u0130l Ba\u015fkan\u0131 \u00d6zlem Arl\u0131er, Ankara d\u00f6n\u00fc\u015f\u00fc ilk olarak Antalya Gazeteciler Cemiyeti Ba\u015fkan\u0131 \u0130dris Ta\u015f\u2019\u0131 makam\u0131nda ziyaret etti. Ta\u015f, Okudan\u2019a ba\u015far\u0131lar diledi.<\/p>\n\n\n\n<p>(Haber Merkezi)<\/p>\n","protected":false},"excerpt":{"rendered":"<p>Ta\u015f ve mermer ocaklar\u0131na kar\u015f\u0131 verdi\u011fi m\u00fccadele ile tan\u0131nan Be\u015fkonakl\u0131lar Dernek Ba\u015fkan\u0131 Hakan Halim Okudan DEVA Partili oldu. Genel Ba\u015fkan Ali Babacan\u2019\u0131n rozet takt\u0131\u011f\u0131 Okudan, <a href=\"https:\/\/akdenizhaber.com.tr\/index.php\/2023\/12\/05\/hakan-halim-okudan-aksu-belediye-baskan-adayi\/\" class=\"read-more-link\">[more&#8230;]<\/a><\/p>\n","protected":false},"author":2,"featured_media":18360,"comment_status":"open","ping_status":"open","sticky":false,"template":"","format":"standard","meta":{"footnotes":""},"categories":[2],"tags":[],"class_list":["post-18359","post","type-post","status-publish","format-standard","has-post-thumbnail","hentry","category-gundem"],"_links":{"self":[{"href":"https:\/\/akdenizhaber.com.tr\/index.php\/wp-json\/wp\/v2\/posts\/18359","targetHints":{"allow":["GET"]}}],"collection":[{"href":"https:\/\/akdenizhaber.com.tr\/index.php\/wp-json\/wp\/v2\/posts"}],"about":[{"href":"https:\/\/akdenizhaber.com.tr\/index.php\/wp-json\/wp\/v2\/types\/post"}],"author":[{"embeddable":true,"href":"https:\/\/akdenizhaber.com.tr\/index.php\/wp-json\/wp\/v2\/users\/2"}],"replies":[{"embeddable":true,"href":"https:\/\/akdenizhaber.com.tr\/index.php\/wp-json\/wp\/v2\/comments?post=18359"}],"version-history":[{"count":0,"href":"https:\/\/akdenizhaber.com.tr\/index.php\/wp-json\/wp\/v2\/posts\/18359\/revisions"}],"wp:featuredmedia":[{"embeddable":true,"href":"https:\/\/akdenizhaber.com.tr\/index.php\/wp-json\/wp\/v2\/media\/18360"}],"wp:attachment":[{"href":"https:\/\/akdenizhaber.com.tr\/index.php\/wp-json\/wp\/v2\/media?parent=18359"}],"wp:term":[{"taxonomy":"category","embeddable":true,"href":"https:\/\/akdenizhaber.com.tr\/index.php\/wp-json\/wp\/v2\/categories?post=18359"},{"taxonomy":"post_tag","embeddable":true,"href":"https:\/\/akdenizhaber.com.tr\/index.php\/wp-json\/wp\/v2\/tags?post=18359"}],"curies":[{"name":"wp","href":"https:\/\/api.w.org\/{rel}","templated":true}]}}