{"id":18337,"date":"2023-12-05T15:12:25","date_gmt":"2023-12-05T12:12:25","guid":{"rendered":"https:\/\/akdenizhaber.com.tr\/?p=18337"},"modified":"2023-12-05T15:12:26","modified_gmt":"2023-12-05T12:12:26","slug":"buyuksehir-belediyesi-engellilerin-yaninda","status":"publish","type":"post","link":"https:\/\/akdenizhaber.com.tr\/index.php\/2023\/12\/05\/buyuksehir-belediyesi-engellilerin-yaninda\/","title":{"rendered":"B\u00dcY\u00dcK\u015eEH\u0130R BELED\u0130YES\u0130 ENGELL\u0130LER\u0130N YANINDA"},"content":{"rendered":"\n<p><\/p>\n\n\n\n<p>Antalya B\u00fcy\u00fck\u015fehir BelediyesiGen\u00e7lik Kamp\u0131 ve E\u011fitim Merkezi, 3 Aral\u0131k D\u00fcnya Engelliler G\u00fcn\u00fc\u2019nde \u00f6zel misafirlerini a\u011f\u0131rlad\u0131.<\/p>\n\n\n\n<p>Antalya B\u00fcy\u00fck\u015fehir Belediyesi, 3 Aral\u0131k D\u00fcnya Engelliler G\u00fcn\u00fc\u2019nde Engelsiz Ya\u015fam Spor Kul\u00fcb\u00fc ve Engelsiz Ya\u015fam Gen\u00e7lik ve Sanat Derne\u011fi \u00fcyelerine, B\u00fcy\u00fck\u015fehir Belediyesi Gen\u00e7lik Kamp\u0131 ve E\u011fitim Merkezi\u2019nin kap\u0131lar\u0131n\u0131 a\u00e7t\u0131. 30 ki\u015filik bir ritim grubu olan ve 18 lisansl\u0131 sporcusu olan Engelsiz Ya\u015fam Derne\u011fi \u00fcyeleri, Gen\u00e7lik Kamp\u0131 ve E\u011fitim Merkezi\u2019nde keyifli bir g\u00fcn ge\u00e7irdi. Olu\u015fturduklar\u0131 ritim grubuyla bir de konser verdi. Darbuka, tef, tumba, marakas gibi m\u00fczik aletleri kullanan grup, dans edip e\u011flendi. Masa tenisi turnuvas\u0131 d\u00fczenleyen \u00f6zel bireyler, mangal partisinin ard\u0131ndan do\u011fa y\u00fcr\u00fcy\u00fc\u015f\u00fcne \u00e7\u0131kt\u0131, kamp ate\u015fi e\u015fli\u011finde g\u00fcn\u00fc tamamlad\u0131.<\/p>\n\n\n\n<p>B\u00dcY\u00dcK\u015eEH\u0130R BELED\u0130YES\u0130 ENGELL\u0130LER\u0130N YANINDA<\/p>\n\n\n\n<p>Antalya B\u00fcy\u00fck\u015fehir Belediyesi Gen\u00e7lik Ve Spor Hizmetleri Dairesi Ba\u015fkan\u0131 Nurettin Tongu\u00e7, B\u00fcy\u00fck\u015fehir Belediyesi\u2019nin yapt\u0131\u011f\u0131 projelerde her zaman engelli bireyleri de d\u00fc\u015f\u00fcnd\u00fcklerini, Antalya\u2019da ya\u015fayan engelli bireylerin hayat\u0131n\u0131 kolayla\u015ft\u0131rmak ad\u0131na \u00e7al\u0131\u015fmalar\u0131n s\u00fcrd\u00fc\u011f\u00fcn\u00fc belirtti.<\/p>\n\n\n\n<p>\u00c7OK MUTLU OLDUK<\/p>\n\n\n\n<p>Engelsiz Ya\u015fam Spor Kul\u00fcb\u00fc ve Engelsiz Ya\u015fam Gen\u00e7lik ve Sanat Derne\u011fi Ba\u015fkan\u0131 Tutku Y\u0131ld\u0131z, g\u00f6n\u00fcll\u00fc ailelerin olu\u015fturdu\u011fu derne\u011fin 2012\u2019den beri aktif oldu\u011funu s\u00f6yledi. Y\u0131ld\u0131z, \u201cDerne\u011fimizde \u00f6zel \u00e7ocuklar\u0131m\u0131zla \u00e7ok mutluyuz. Bug\u00fcn \u00e7ok g\u00fczel etkinlikler yapt\u0131k. \u00c7ok g\u00fczel a\u011f\u0131rland\u0131k. Bizim i\u00e7in yapt\u0131klar\u0131ndan dolay\u0131 Ba\u015fkan\u0131m\u0131z Muhittin B\u00f6cek ve Antalya B\u00fcy\u00fck\u015fehir Belediyesi\u2019ne te\u015fekk\u00fcr ediyoruz\u201d diye konu\u015ftu.<\/p>\n\n\n\n<p>(Haber Merkezi)<\/p>\n","protected":false},"excerpt":{"rendered":"<p>Antalya B\u00fcy\u00fck\u015fehir BelediyesiGen\u00e7lik Kamp\u0131 ve E\u011fitim Merkezi, 3 Aral\u0131k D\u00fcnya Engelliler G\u00fcn\u00fc\u2019nde \u00f6zel misafirlerini a\u011f\u0131rlad\u0131. Antalya B\u00fcy\u00fck\u015fehir Belediyesi, 3 Aral\u0131k D\u00fcnya Engelliler G\u00fcn\u00fc\u2019nde Engelsiz Ya\u015fam <a href=\"https:\/\/akdenizhaber.com.tr\/index.php\/2023\/12\/05\/buyuksehir-belediyesi-engellilerin-yaninda\/\" class=\"read-more-link\">[more&#8230;]<\/a><\/p>\n","protected":false},"author":2,"featured_media":18338,"comment_status":"open","ping_status":"open","sticky":false,"template":"","format":"standard","meta":{"footnotes":""},"categories":[2],"tags":[],"class_list":["post-18337","post","type-post","status-publish","format-standard","has-post-thumbnail","hentry","category-gundem"],"_links":{"self":[{"href":"https:\/\/akdenizhaber.com.tr\/index.php\/wp-json\/wp\/v2\/posts\/18337","targetHints":{"allow":["GET"]}}],"collection":[{"href":"https:\/\/akdenizhaber.com.tr\/index.php\/wp-json\/wp\/v2\/posts"}],"about":[{"href":"https:\/\/akdenizhaber.com.tr\/index.php\/wp-json\/wp\/v2\/types\/post"}],"author":[{"embeddable":true,"href":"https:\/\/akdenizhaber.com.tr\/index.php\/wp-json\/wp\/v2\/users\/2"}],"replies":[{"embeddable":true,"href":"https:\/\/akdenizhaber.com.tr\/index.php\/wp-json\/wp\/v2\/comments?post=18337"}],"version-history":[{"count":0,"href":"https:\/\/akdenizhaber.com.tr\/index.php\/wp-json\/wp\/v2\/posts\/18337\/revisions"}],"wp:featuredmedia":[{"embeddable":true,"href":"https:\/\/akdenizhaber.com.tr\/index.php\/wp-json\/wp\/v2\/media\/18338"}],"wp:attachment":[{"href":"https:\/\/akdenizhaber.com.tr\/index.php\/wp-json\/wp\/v2\/media?parent=18337"}],"wp:term":[{"taxonomy":"category","embeddable":true,"href":"https:\/\/akdenizhaber.com.tr\/index.php\/wp-json\/wp\/v2\/categories?post=18337"},{"taxonomy":"post_tag","embeddable":true,"href":"https:\/\/akdenizhaber.com.tr\/index.php\/wp-json\/wp\/v2\/tags?post=18337"}],"curies":[{"name":"wp","href":"https:\/\/api.w.org\/{rel}","templated":true}]}}