{"id":18334,"date":"2023-12-05T15:09:15","date_gmt":"2023-12-05T12:09:15","guid":{"rendered":"https:\/\/akdenizhaber.com.tr\/?p=18334"},"modified":"2023-12-05T15:09:16","modified_gmt":"2023-12-05T12:09:16","slug":"iyi-parti-antalya-milletvekili-aykut-kaya-saglik-personeli-antalyayi-terk-ediyor","status":"publish","type":"post","link":"https:\/\/akdenizhaber.com.tr\/index.php\/2023\/12\/05\/iyi-parti-antalya-milletvekili-aykut-kaya-saglik-personeli-antalyayi-terk-ediyor\/","title":{"rendered":"\u0130Y\u0130 PART\u0130 ANTALYA M\u0130LLETVEK\u0130L\u0130 AYKUT KAYA;\u201c Sa\u011fl\u0131k personeli Antalya\u2019y\u0131 terk ediyor\u201d"},"content":{"rendered":"\n<p><\/p>\n\n\n\n<p>\u0130Y\u0130 Parti Antalya Milletvekili Aykut Kaya, TBMM Genel Kurulu\u2019nda yapt\u0131\u011f\u0131 konu\u015fmada, Antalya\u2019daki kamu hastanelerinde vatanda\u015flar\u0131n ya\u015fad\u0131klar\u0131 sorunlara dikkat \u00e7ekti. Antalya\u2019n\u0131n \u00fcretti\u011fi katma de\u011fere kar\u015f\u0131l\u0131k, hak edilen kamu hizmetlerinden yararlanamad\u0131\u011f\u0131n\u0131 vurgulad\u0131.<\/p>\n\n\n\n<p><strong>Randevular gecikiyor, ila\u00e7 tedari\u011fi zay\u0131f, hastalar ma\u011fdur<\/strong><\/p>\n\n\n\n<p>Antalya&#8217;da ve il\u00e7elerindeki kamu hastanelerinde hasta yo\u011funlu\u011funa g\u00f6re t\u0131bbi cihazlar\u0131n ve sa\u011fl\u0131k personelinin az say\u0131da olmas\u0131n\u0131n hastalar\u0131n ge\u00e7 randevu almas\u0131na sebep oldu\u011funu belirten Kaya,\u00fc\u00e7-d\u00f6rt ay sonras\u0131na ultrason, MR, tomografi gibi randevular\u0131n verildi\u011fi ve bu durumdan vatanda\u015flar\u0131n ma\u011fdur oldu\u011funu belirtti.Radyolojik tetkikler ge\u00e7 yap\u0131ld\u0131\u011f\u0131 i\u00e7in tan\u0131 konulmas\u0131n\u0131n gecikti\u011fine, bunun da hastalar\u0131n ya\u015famlar\u0131n\u0131 riske att\u0131\u011f\u0131n\u0131 vurgulayan Kaya, t\u0131bbi cihazlar\u0131n ve kalifiye sa\u011fl\u0131k personeli say\u0131s\u0131n\u0131n da art\u0131r\u0131lmas\u0131 gerekti\u011finin alt\u0131n\u0131 \u00e7izdi. Ayr\u0131ca\u00e7ok say\u0131da kanser hastas\u0131 vatanda\u015flar\u0131n nakil i\u00e7in ila\u00e7 beklemekte oldu\u011funu vurgulayan Kaya, nakil haz\u0131rl\u0131k rejiminde uygulanacak olan ila\u00e7 zaman\u0131nda temin edilmedi\u011fi i\u00e7in hastalar\u0131n hayatlar\u0131n\u0131n riske girdi\u011fi ele\u015ftirisinde bulundu.<\/p>\n\n\n\n<p><strong>Sa\u011fl\u0131k personeli Antalya\u2019y\u0131 terk ediyor<\/strong><\/p>\n\n\n\n<p>Antalya&#8217;n\u0131n n\u00fcfusu yakla\u015f\u0131k 2,7 milyon olarak g\u00f6z\u00fckse de turizm ba\u015fkenti olmas\u0131 dolay\u0131s\u0131yla \u015fehir n\u00fcfusununkat kat y\u00fckseldi\u011fine dikkat \u00e7eken Kaya,mevcut bar\u0131nma krizinden ve ya\u015fam pahal\u0131l\u0131\u011f\u0131ndan dolay\u0131 ba\u015fta asistanlar olmak \u00fczere, sa\u011fl\u0131k personelinin art\u0131k Antalya&#8217;y\u0131 tercih etmedi\u011fini, mevcut sa\u011fl\u0131k personelinin de tayinini ba\u015fka illere istedi\u011fini belirerek \u201c<em>acilensa\u011fl\u0131k personelimiz i\u00e7in onlar\u0131n makul bir \u015fekilde kalabilece\u011fi kaliteli lojmanlar in\u015fa edilmeli<\/em>\u201d ifadelerini kulland\u0131.<\/p>\n\n\n\n<p><strong>Alanya ve Manavgat\u2019a Hematoloji ve Onkoloji b\u00f6l\u00fcmleri a\u00e7\u0131lmal\u0131<\/strong><\/p>\n\n\n\n<p>Alanya ve Manavgat gibi n\u00fcfusun yo\u011fun oldu\u011fu il\u00e7elerde kanser hastalar\u0131 i\u00e7in Onkoloji b\u00f6l\u00fcmlerinin olmamas\u0131n\u0131n vatanda\u015flar\u0131 ma\u011fdur etti\u011fini belirterek, \u201c<em>zaten ya\u015fam m\u00fccadelesi veren bu hastalar\u0131m\u0131z bir de iki-\u00fc\u00e7 saatlik yollarda y\u0131pranmaktad\u0131r<\/em>\u201d dedi.<\/p>\n\n\n\n<p>Alanya ve Manavgat il\u00e7elerindekiOnkoloji ve Hematoloji b\u00f6l\u00fcmlerinin acilen a\u00e7\u0131lmas\u0131 ve gerekli personelin g\u00f6revlendirilmesinin aciliyetini vurgulayan Aykut Kaya, Alanya&#8217;da Hematoloji b\u00f6l\u00fcm\u00fcn k\u0131smen a\u00e7\u0131lsa da yeterli gelmedi\u011fini belirtti.<\/p>\n\n\n\n<p><strong>Sa\u011fl\u0131k \u00e7al\u0131\u015fanlar\u0131n\u0131n maa\u015flar\u0131 iyile\u015ftirilmeli<\/strong><\/p>\n\n\n\n<p>Konu\u015fmas\u0131n\u0131n devam\u0131nda, doktorlar\u0131n ve di\u011fer sa\u011fl\u0131k personelinin ger\u00e7ek enflasyona g\u00f6re maa\u015flar\u0131nda iyile\u015ftirilmeler yap\u0131lmas\u0131 gerekti\u011fini ifade eden Kaya, \u201c<em>ekonomik nedenlerden dolay\u0131 bu \u00f6nemli sa\u011fl\u0131k personelimizi \u00f6zel sekt\u00f6re kaybetmekteyiz, dolay\u0131s\u0131yla kamu hastanelerini tercih eden hastalar\u0131m\u0131z da bu durumdan ma\u011fdur olmaktad\u0131r<\/em>\u201d ifadelerini kulland\u0131.<\/p>\n\n\n\n<p>(Haber Merkezi)<\/p>\n\n\n\n<p><\/p>\n","protected":false},"excerpt":{"rendered":"<p>\u0130Y\u0130 Parti Antalya Milletvekili Aykut Kaya, TBMM Genel Kurulu\u2019nda yapt\u0131\u011f\u0131 konu\u015fmada, Antalya\u2019daki kamu hastanelerinde vatanda\u015flar\u0131n ya\u015fad\u0131klar\u0131 sorunlara dikkat \u00e7ekti. Antalya\u2019n\u0131n \u00fcretti\u011fi katma de\u011fere kar\u015f\u0131l\u0131k, hak <a href=\"https:\/\/akdenizhaber.com.tr\/index.php\/2023\/12\/05\/iyi-parti-antalya-milletvekili-aykut-kaya-saglik-personeli-antalyayi-terk-ediyor\/\" class=\"read-more-link\">[more&#8230;]<\/a><\/p>\n","protected":false},"author":2,"featured_media":18336,"comment_status":"open","ping_status":"open","sticky":false,"template":"","format":"standard","meta":{"footnotes":""},"categories":[2],"tags":[],"class_list":["post-18334","post","type-post","status-publish","format-standard","has-post-thumbnail","hentry","category-gundem"],"_links":{"self":[{"href":"https:\/\/akdenizhaber.com.tr\/index.php\/wp-json\/wp\/v2\/posts\/18334","targetHints":{"allow":["GET"]}}],"collection":[{"href":"https:\/\/akdenizhaber.com.tr\/index.php\/wp-json\/wp\/v2\/posts"}],"about":[{"href":"https:\/\/akdenizhaber.com.tr\/index.php\/wp-json\/wp\/v2\/types\/post"}],"author":[{"embeddable":true,"href":"https:\/\/akdenizhaber.com.tr\/index.php\/wp-json\/wp\/v2\/users\/2"}],"replies":[{"embeddable":true,"href":"https:\/\/akdenizhaber.com.tr\/index.php\/wp-json\/wp\/v2\/comments?post=18334"}],"version-history":[{"count":0,"href":"https:\/\/akdenizhaber.com.tr\/index.php\/wp-json\/wp\/v2\/posts\/18334\/revisions"}],"wp:featuredmedia":[{"embeddable":true,"href":"https:\/\/akdenizhaber.com.tr\/index.php\/wp-json\/wp\/v2\/media\/18336"}],"wp:attachment":[{"href":"https:\/\/akdenizhaber.com.tr\/index.php\/wp-json\/wp\/v2\/media?parent=18334"}],"wp:term":[{"taxonomy":"category","embeddable":true,"href":"https:\/\/akdenizhaber.com.tr\/index.php\/wp-json\/wp\/v2\/categories?post=18334"},{"taxonomy":"post_tag","embeddable":true,"href":"https:\/\/akdenizhaber.com.tr\/index.php\/wp-json\/wp\/v2\/tags?post=18334"}],"curies":[{"name":"wp","href":"https:\/\/api.w.org\/{rel}","templated":true}]}}