{"id":18325,"date":"2023-12-04T14:07:26","date_gmt":"2023-12-04T11:07:26","guid":{"rendered":"https:\/\/akdenizhaber.com.tr\/?p=18325"},"modified":"2023-12-04T14:07:26","modified_gmt":"2023-12-04T11:07:26","slug":"59-yillik-radyoyu-gozu-gibi-koruyor","status":"publish","type":"post","link":"https:\/\/akdenizhaber.com.tr\/index.php\/2023\/12\/04\/59-yillik-radyoyu-gozu-gibi-koruyor\/","title":{"rendered":"59 Y\u0131ll\u0131k Radyoyu g\u00f6z\u00fc gibi koruyor"},"content":{"rendered":"\n<p><\/p>\n\n\n\n<p>Manavgat il\u00e7esinde Di\u015f Hekimi Recep Demirta\u015f, babas\u0131ndan 1965 y\u0131l\u0131ndan kalma radyoyu \u201cBu radyoda tarih var\u201d diye g\u00f6z\u00fc gibi g\u00f6r\u00fcyor.<\/p>\n\n\n\n<p>Demirta\u015f, hala \u00e7al\u0131\u015fan radyoda babas\u0131n\u0131n ve \u00e7evresine dolu\u015fan k\u00f6yl\u00fclerin 1971 askeri muht\u0131ras\u0131n\u0131, 12 Eyl\u00fcl 1980 Askeri darbesini, darbenin lideri Kenan Evren&#8217;in &#8216;Asker&#8217; Y\u00f6netime el konulmu\u015ftur. Meclis fesh edilmi\u015ftir \u201cs\u00f6zlerini dinlediler. Bu radyonun i\u00e7inde tarih ya\u015f\u0131yor.<\/p>\n\n\n\n<p>Eskiden k\u00f6ylerde k\u00f6yl\u00fcn\u00fcn ve \u00e7obanlar\u0131n biricik yareni radyoydu. Eskiden gurbete gidenler memleket hasretini t\u00fcrk\u00fcleri radyodan dinler hasret dinlerdi. Bu radyo 59 y\u0131ll\u0131k baba yadig\u00e2r\u0131d\u0131r&#8221; dedi.<\/p>\n\n\n\n<p>Haber\/Abdurrahman B\u00fcy\u00fckkeskin<\/p>\n","protected":false},"excerpt":{"rendered":"<p>Manavgat il\u00e7esinde Di\u015f Hekimi Recep Demirta\u015f, babas\u0131ndan 1965 y\u0131l\u0131ndan kalma radyoyu \u201cBu radyoda tarih var\u201d diye g\u00f6z\u00fc gibi g\u00f6r\u00fcyor. Demirta\u015f, hala \u00e7al\u0131\u015fan radyoda babas\u0131n\u0131n ve <a href=\"https:\/\/akdenizhaber.com.tr\/index.php\/2023\/12\/04\/59-yillik-radyoyu-gozu-gibi-koruyor\/\" class=\"read-more-link\">[more&#8230;]<\/a><\/p>\n","protected":false},"author":2,"featured_media":18326,"comment_status":"open","ping_status":"open","sticky":false,"template":"","format":"standard","meta":{"footnotes":""},"categories":[2],"tags":[],"class_list":["post-18325","post","type-post","status-publish","format-standard","has-post-thumbnail","hentry","category-gundem"],"_links":{"self":[{"href":"https:\/\/akdenizhaber.com.tr\/index.php\/wp-json\/wp\/v2\/posts\/18325","targetHints":{"allow":["GET"]}}],"collection":[{"href":"https:\/\/akdenizhaber.com.tr\/index.php\/wp-json\/wp\/v2\/posts"}],"about":[{"href":"https:\/\/akdenizhaber.com.tr\/index.php\/wp-json\/wp\/v2\/types\/post"}],"author":[{"embeddable":true,"href":"https:\/\/akdenizhaber.com.tr\/index.php\/wp-json\/wp\/v2\/users\/2"}],"replies":[{"embeddable":true,"href":"https:\/\/akdenizhaber.com.tr\/index.php\/wp-json\/wp\/v2\/comments?post=18325"}],"version-history":[{"count":0,"href":"https:\/\/akdenizhaber.com.tr\/index.php\/wp-json\/wp\/v2\/posts\/18325\/revisions"}],"wp:featuredmedia":[{"embeddable":true,"href":"https:\/\/akdenizhaber.com.tr\/index.php\/wp-json\/wp\/v2\/media\/18326"}],"wp:attachment":[{"href":"https:\/\/akdenizhaber.com.tr\/index.php\/wp-json\/wp\/v2\/media?parent=18325"}],"wp:term":[{"taxonomy":"category","embeddable":true,"href":"https:\/\/akdenizhaber.com.tr\/index.php\/wp-json\/wp\/v2\/categories?post=18325"},{"taxonomy":"post_tag","embeddable":true,"href":"https:\/\/akdenizhaber.com.tr\/index.php\/wp-json\/wp\/v2\/tags?post=18325"}],"curies":[{"name":"wp","href":"https:\/\/api.w.org\/{rel}","templated":true}]}}