{"id":18316,"date":"2023-12-04T14:05:30","date_gmt":"2023-12-04T11:05:30","guid":{"rendered":"https:\/\/akdenizhaber.com.tr\/?p=18316"},"modified":"2023-12-04T14:05:31","modified_gmt":"2023-12-04T11:05:31","slug":"yeni-yil-carsisi-aciliyor","status":"publish","type":"post","link":"https:\/\/akdenizhaber.com.tr\/index.php\/2023\/12\/04\/yeni-yil-carsisi-aciliyor\/","title":{"rendered":"Yeni y\u0131l \u00e7ar\u015f\u0131s\u0131 a\u00e7\u0131l\u0131yor"},"content":{"rendered":"\n<p><\/p>\n\n\n\n<p>Antalya\u2019da Muratpa\u015fa Belediyesi\u2019nin bir y\u0131lba\u015f\u0131 klasi\u011fi olan Yeni Y\u0131l \u00c7ar\u015f\u0131s\u0131, Muratpa\u015fa Atat\u00fcrk Kent Meydan\u0131\u2019nda 18 Aral\u0131k\u2019ta a\u00e7\u0131l\u0131yor.<\/p>\n\n\n\n<p>Muratpa\u015fa Atat\u00fcrk Kent Meydan\u0131&#8217;nda kurulacak \u00e7ar\u015f\u0131, 31 Aral\u0131k\u2019a kadar a\u00e7\u0131k kalacak. El eme\u011fi g\u00f6z nuru hediyelik e\u015fyalar, y\u0131lba\u015f\u0131 sofralar\u0131na e\u015flik edecek yiyeceklerin sat\u0131laca\u011f\u0131 \u00e7ar\u015f\u0131da yer almak isteyen esnaf\u0131n, stantta sat\u0131lacak \u00fcr\u00fcnlerin listesi ve \u00fcr\u00fcnlerin kalite nitelik belgeleriyle Adalya Vakf\u0131 Engelsiz Kafe\u2019ye 5 Aral\u0131k\u2019a kadar ba\u015fvurmas\u0131 gerekiyor. LED \u0131\u015f\u0131klarla, dev y\u0131lba\u015f\u0131 a\u011fa\u00e7lar\u0131yla s\u00fcslenecek Muratpa\u015fa Belediyesi\u2019nin Yeni Y\u0131l \u00c7ar\u015f\u0131s\u0131yla Antalyal\u0131lar yeni y\u0131l heyecan\u0131n\u0131 g\u00fcnler \u00f6ncesinden ya\u015famaya ba\u015flayacak.<\/p>\n\n\n\n<p>Muratpa\u015fa Belediyesi \/ B\u00fclten<\/p>\n","protected":false},"excerpt":{"rendered":"<p>Antalya\u2019da Muratpa\u015fa Belediyesi\u2019nin bir y\u0131lba\u015f\u0131 klasi\u011fi olan Yeni Y\u0131l \u00c7ar\u015f\u0131s\u0131, Muratpa\u015fa Atat\u00fcrk Kent Meydan\u0131\u2019nda 18 Aral\u0131k\u2019ta a\u00e7\u0131l\u0131yor. Muratpa\u015fa Atat\u00fcrk Kent Meydan\u0131&#8217;nda kurulacak \u00e7ar\u015f\u0131, 31 Aral\u0131k\u2019a <a href=\"https:\/\/akdenizhaber.com.tr\/index.php\/2023\/12\/04\/yeni-yil-carsisi-aciliyor\/\" class=\"read-more-link\">[more&#8230;]<\/a><\/p>\n","protected":false},"author":2,"featured_media":18317,"comment_status":"open","ping_status":"open","sticky":false,"template":"","format":"standard","meta":{"footnotes":""},"categories":[2],"tags":[],"class_list":["post-18316","post","type-post","status-publish","format-standard","has-post-thumbnail","hentry","category-gundem"],"_links":{"self":[{"href":"https:\/\/akdenizhaber.com.tr\/index.php\/wp-json\/wp\/v2\/posts\/18316","targetHints":{"allow":["GET"]}}],"collection":[{"href":"https:\/\/akdenizhaber.com.tr\/index.php\/wp-json\/wp\/v2\/posts"}],"about":[{"href":"https:\/\/akdenizhaber.com.tr\/index.php\/wp-json\/wp\/v2\/types\/post"}],"author":[{"embeddable":true,"href":"https:\/\/akdenizhaber.com.tr\/index.php\/wp-json\/wp\/v2\/users\/2"}],"replies":[{"embeddable":true,"href":"https:\/\/akdenizhaber.com.tr\/index.php\/wp-json\/wp\/v2\/comments?post=18316"}],"version-history":[{"count":0,"href":"https:\/\/akdenizhaber.com.tr\/index.php\/wp-json\/wp\/v2\/posts\/18316\/revisions"}],"wp:featuredmedia":[{"embeddable":true,"href":"https:\/\/akdenizhaber.com.tr\/index.php\/wp-json\/wp\/v2\/media\/18317"}],"wp:attachment":[{"href":"https:\/\/akdenizhaber.com.tr\/index.php\/wp-json\/wp\/v2\/media?parent=18316"}],"wp:term":[{"taxonomy":"category","embeddable":true,"href":"https:\/\/akdenizhaber.com.tr\/index.php\/wp-json\/wp\/v2\/categories?post=18316"},{"taxonomy":"post_tag","embeddable":true,"href":"https:\/\/akdenizhaber.com.tr\/index.php\/wp-json\/wp\/v2\/tags?post=18316"}],"curies":[{"name":"wp","href":"https:\/\/api.w.org\/{rel}","templated":true}]}}