{"id":18276,"date":"2023-12-02T13:57:14","date_gmt":"2023-12-02T10:57:14","guid":{"rendered":"https:\/\/akdenizhaber.com.tr\/?p=18276"},"modified":"2023-12-02T13:57:15","modified_gmt":"2023-12-02T10:57:15","slug":"atso-baskani-bahar-hizmet-kalitesini-artiracagiz","status":"publish","type":"post","link":"https:\/\/akdenizhaber.com.tr\/index.php\/2023\/12\/02\/atso-baskani-bahar-hizmet-kalitesini-artiracagiz\/","title":{"rendered":"ATSO Ba\u015fkan\u0131 Bahar; \u201cHizmet Kalitesini Art\u0131raca\u011f\u0131z\u201d"},"content":{"rendered":"\n<p><\/p>\n\n\n\n<p>ATSO Y\u00f6netim Kurulu Ba\u015fkan\u0131 Ali Bahar, \u201c\u0130\u015f birli\u011fimiz sayesinde dezavantajl\u0131 gruplara y\u00f6nelik mesleki e\u011fitimler vermeyi ve s\u00fcrd\u00fcr\u00fclebilirlik alan\u0131ndaki \u00e7al\u0131\u015fmalar\u0131m\u0131z\u0131 ortak k\u0131lmay\u0131 hedefliyoruz\u201d dedi.<\/p>\n\n\n\n<p>Antalya Ticaret ve Sanayi Odas\u0131 (ATSO), Fraport TAV Antalya Terminal \u0130\u015fletmecili\u011fi A.\u015e ve Antalya K\u00fclt\u00fcr Sanat (AKS), nitelikli i\u015fg\u00fcc\u00fc yeti\u015ftirilmesine y\u00f6nelik mesleki e\u011fitim verilmesi, s\u0131n\u0131rda karbon d\u00fczenlemesi ve karbon ayak izinin azalt\u0131lmas\u0131na konusunda fark\u0131ndal\u0131k olu\u015fturulmas\u0131na y\u00f6nelik i\u015f birli\u011fi protokol\u00fcne imza att\u0131. Protokol t\u00f6renine, ATSO Y\u00f6netim Kurulu Ba\u015fkan\u0131 Ali Bahar, Fraport TAV Antalya Terminal \u0130\u015fletmecili\u011fi A.\u015e. Genel M\u00fcd\u00fcrleri Deniz Varol ve GudrunTeloeken, AKS Vakf\u0131 Y\u00f6netim Kurulu Ba\u015fkan Yard\u0131mc\u0131s\u0131 Yusuf Hac\u0131s\u00fcleyman ve ATSO Genel Sekreteri Av. Asl\u0131 \u015eahin Tekin kat\u0131ld\u0131. Antalya\u2019ya de\u011fer katan kurumlarla i\u015f birli\u011fini \u00f6nemsediklerini kaydeden ATSO Ba\u015fkan\u0131 Ali Bahar, \u201cFraport TAV Antalya Havaliman\u0131 kentimize de\u011fer katan \u00f6nemli bir \u015firket. Bu bizim i\u00e7in \u00e7ok b\u00fcy\u00fck bir f\u0131rsat ve Antalya ad\u0131na \u00f6nemli bir i\u015f birli\u011fi olana\u011f\u0131 sa\u011fl\u0131yor. Mesleki e\u011fitimde ATSO olarak \u00f6nemli bir tecr\u00fcbemiz var, bu \u00fc\u00e7l\u00fc protokolle birlikte \u00e7al\u0131\u015fabilece\u011fimizi art\u0131k daha iyi g\u00f6rebiliyoruz\u201d diye konu\u015ftu.<\/p>\n\n\n\n<p>\u201cH\u0130ZMET KAL\u0130TES\u0130N\u0130 ARTIRACA\u011eIZ\u201d<\/p>\n\n\n\n<p>Birlikte imza atacaklar\u0131 projelerin Antalya i\u00e7in \u00f6nemine i\u015faret eden Ba\u015fkan Bahar, \u201c\u00c7evre bilinci ve pozitif ayr\u0131mc\u0131l\u0131k konusunda \u015fehrimize \u00e7ok b\u00fcy\u00fck katk\u0131lar sunuyorlar. Bu projeleri, birlikte daha g\u00fc\u00e7l\u00fc bir \u015fekilde ger\u00e7ekle\u015ftirecek olman\u0131n mutlulu\u011funu ya\u015f\u0131yoruz. ATSO birimlerimiz Fraport TAV Antalya Havaliman\u0131 ile koordineli \u00e7al\u0131\u015farak kente katma de\u011ferli projelerin \u00fcretilmesine y\u00f6nelik \u00f6nemli projeler birlikte imza ataca\u011f\u0131z\u201d dedi. Ger\u00e7ekle\u015fen i\u015f birli\u011fi sayesinde hizmet kalitesini y\u00fckseltmeyi ve uluslararas\u0131 standartlara uygun hale getirmeyi hedeflediklerini dile getiren Bahar, \u201c\u00d6nceli\u011fimiz dezavantajl\u0131 gruplara y\u00f6nelik mesleki e\u011fitimler ve mesleki belgelendirme programlar\u0131n\u0131 hayata ge\u00e7irmek. Bu e\u011fitimler ile gen\u00e7lerimizi sekt\u00f6r\u00fcn en \u00e7ok ihtiya\u00e7 duydu\u011fu alanlarda yeti\u015ftirecek, nitelikli hale getirecek ve istihdama kat\u0131lmalar\u0131na imkan sa\u011flayaca\u011f\u0131z. Bu vesile ile protokol\u00fcn, kentimize katk\u0131 sa\u011flamas\u0131n\u0131 diliyor, hay\u0131rl\u0131 olmas\u0131n\u0131 temenni ediyorum\u201d dedi.<\/p>\n\n\n\n<p>S\u00dcRD\u00dcR\u00dcLEB\u0130L\u0130R KALKINMA HEDEF\u0130<\/p>\n\n\n\n<p>ATSO\u2019nun \u00e7evreye duyarl\u0131 kurum politikas\u0131 ve kurumsal sosyal sorumluluk \u00e7al\u0131\u015fmalar\u0131yla ba\u011fda\u015fan bir protokol oldu\u011funu kaydeden Bahar, \u201cATSO hizmet binam\u0131z\u0131n \u00e7at\u0131s\u0131na yerle\u015ftirdi\u011fimiz g\u00fcne\u015f enerji panelleri ile temiz enerji kayna\u011f\u0131 olu\u015fturmay\u0131 hedefledik, ayn\u0131 \u015fekilde ara\u00e7lar\u0131m\u0131z\u0131n elektrikli ara\u00e7lara d\u00f6n\u00fc\u015f\u00fcm\u00fcn\u00fc de bu hedef do\u011frultusunda ger\u00e7ekle\u015ftirdik. Fraport TAV Antalya Havaliman\u0131\u2019n\u0131n da s\u00fcrd\u00fcr\u00fclebilirlik politikalar\u0131na \u00e7ok \u00f6nem verdi\u011fini ve bu alanda \u00f6nemli \u00e7al\u0131\u015fmalar imza att\u0131\u011f\u0131n\u0131 takip ediyoruz. Bu ortak noktadan hedefle Antalya\u2019n\u0131n en b\u00fcy\u00fck kurumlar\u0131 olarak gelecek nesillere daha ya\u015fanabilir bir Antalya b\u0131rakmak ve s\u00fcrd\u00fcr\u00fclebilir bir kalk\u0131nma yaratmak i\u00e7in ortak projeleri ger\u00e7ekle\u015ftirece\u011fiz. Bu vesile ile protokol\u00fcm\u00fcz\u00fcn hay\u0131rl\u0131 olmas\u0131n\u0131 diliyorum\u201d diye konu\u015ftu.<\/p>\n\n\n\n<p>G\u00dcN\u00dcN SONUNDA ANTALYA KAZANACAK<\/p>\n\n\n\n<p>Antalya\u2019ya ilave katma de\u011fer sa\u011flamak ad\u0131na ATSO ile imzalanan protokol\u00fcn \u00f6nemine i\u015faret eden Fraport TAV Antalya Terminal \u0130\u015fletmecili\u011fi A.\u015e. Genel M\u00fcd\u00fcr\u00fc Deniz Varol, \u201cProfesyonel bir yap\u0131 ile i\u015fin profesyonelleriyle \u00e7al\u0131\u015fmak istedik. Bu noktada da gelece\u011fimiz adres ATSO\u2019ydu. Ali Ba\u015fkan\u0131m\u0131z da bizi bu konuda destekledi. Protokol\u00fcm\u00fcz \u00e7ok net, mesleki e\u011fitimlerde, b\u00f6lgedeki gen\u00e7lerimize meslek kazand\u0131rmada, bunun yan\u0131nda da \u00e7evresel konularda geli\u015fim sa\u011flamak. Antalya\u2019ya ilave katk\u0131 koymak ad\u0131na protokole imza att\u0131k. Ucu a\u00e7\u0131k bir protokol asl\u0131nda, her yere yeti\u015febilecek bir profesyonellikte ve yap\u0131da de\u011filiz. Bir \u00fcst kurum olarak ATSO\u2019yu y\u00f6nlendirici olarak se\u00e7tik. Kar\u015f\u0131l\u0131kl\u0131 katma de\u011fere y\u00f6nelik bir kazan- kazan durumu yaratma arzusunday\u0131z\u201d dedi. Protokol\u00fcn i\u00e7eri\u011fiyle s\u0131n\u0131rl\u0131 kalmayaca\u011f\u0131n\u0131 s\u00f6zlerine ekleyen Varol, \u201cBa\u015fkan\u0131m\u0131z\u0131n Antalya OSB Teknik Koleji ile ilgili tan\u0131t\u0131m\u0131na \u015fahit olduk, birlikte izledik, hakikaten orada ba\u015fard\u0131klar\u0131 muazzam. Biz de do\u011fal olarak isteriz ki onun da bir par\u00e7as\u0131 olal\u0131m. Birlikte vakit ge\u00e7irdik\u00e7e yapmak istediklerimiz de ortaya \u00e7\u0131k\u0131yor ve art\u0131yor. G\u00fcn\u00fcn sonunda Antalya kazanacak, hep birlikte bunun da bir par\u00e7as\u0131 olaca\u011f\u0131z\u201d diye konu\u015ftu.<\/p>\n\n\n\n<p>Antalya Ticaret ve Sanayi Odas\u0131 \/ B\u00fclten<\/p>\n","protected":false},"excerpt":{"rendered":"<p>ATSO Y\u00f6netim Kurulu Ba\u015fkan\u0131 Ali Bahar, \u201c\u0130\u015f birli\u011fimiz sayesinde dezavantajl\u0131 gruplara y\u00f6nelik mesleki e\u011fitimler vermeyi ve s\u00fcrd\u00fcr\u00fclebilirlik alan\u0131ndaki \u00e7al\u0131\u015fmalar\u0131m\u0131z\u0131 ortak k\u0131lmay\u0131 hedefliyoruz\u201d dedi. Antalya Ticaret <a href=\"https:\/\/akdenizhaber.com.tr\/index.php\/2023\/12\/02\/atso-baskani-bahar-hizmet-kalitesini-artiracagiz\/\" class=\"read-more-link\">[more&#8230;]<\/a><\/p>\n","protected":false},"author":2,"featured_media":18277,"comment_status":"open","ping_status":"open","sticky":false,"template":"","format":"standard","meta":{"footnotes":""},"categories":[2],"tags":[],"class_list":["post-18276","post","type-post","status-publish","format-standard","has-post-thumbnail","hentry","category-gundem"],"_links":{"self":[{"href":"https:\/\/akdenizhaber.com.tr\/index.php\/wp-json\/wp\/v2\/posts\/18276","targetHints":{"allow":["GET"]}}],"collection":[{"href":"https:\/\/akdenizhaber.com.tr\/index.php\/wp-json\/wp\/v2\/posts"}],"about":[{"href":"https:\/\/akdenizhaber.com.tr\/index.php\/wp-json\/wp\/v2\/types\/post"}],"author":[{"embeddable":true,"href":"https:\/\/akdenizhaber.com.tr\/index.php\/wp-json\/wp\/v2\/users\/2"}],"replies":[{"embeddable":true,"href":"https:\/\/akdenizhaber.com.tr\/index.php\/wp-json\/wp\/v2\/comments?post=18276"}],"version-history":[{"count":0,"href":"https:\/\/akdenizhaber.com.tr\/index.php\/wp-json\/wp\/v2\/posts\/18276\/revisions"}],"wp:featuredmedia":[{"embeddable":true,"href":"https:\/\/akdenizhaber.com.tr\/index.php\/wp-json\/wp\/v2\/media\/18277"}],"wp:attachment":[{"href":"https:\/\/akdenizhaber.com.tr\/index.php\/wp-json\/wp\/v2\/media?parent=18276"}],"wp:term":[{"taxonomy":"category","embeddable":true,"href":"https:\/\/akdenizhaber.com.tr\/index.php\/wp-json\/wp\/v2\/categories?post=18276"},{"taxonomy":"post_tag","embeddable":true,"href":"https:\/\/akdenizhaber.com.tr\/index.php\/wp-json\/wp\/v2\/tags?post=18276"}],"curies":[{"name":"wp","href":"https:\/\/api.w.org\/{rel}","templated":true}]}}