{"id":18273,"date":"2023-12-02T13:56:41","date_gmt":"2023-12-02T10:56:41","guid":{"rendered":"https:\/\/akdenizhaber.com.tr\/?p=18273"},"modified":"2023-12-02T13:56:42","modified_gmt":"2023-12-02T10:56:42","slug":"fasli-ekip-hayatparki-cok-sevdi","status":"publish","type":"post","link":"https:\/\/akdenizhaber.com.tr\/index.php\/2023\/12\/02\/fasli-ekip-hayatparki-cok-sevdi\/","title":{"rendered":"Fasl\u0131 ekip Hayatpark\u2019\u0131 \u00e7ok sevdi"},"content":{"rendered":"\n<p><\/p>\n\n\n\n<p>Antalya\u2019ya Fas\u2019tan gelen ekip, \u015fehir merkezindeki en b\u00fcy\u00fck ye\u015fil alanlar\u0131ndan biri olan Konyaalt\u0131 Hayatpark\u2019ta incelemede bulundu. Ekipler HayatPark\u2019\u0131 \u00e7ok be\u011fendiklerini ifade ettiler.<\/p>\n\n\n\n<p>Fas Ulusal Orman ve Su \u0130\u015fleri Ajans\u0131 (ANEF) ile Alman Uluslararas\u0131 \u0130\u015fbirli\u011fi Kurumu\u2019nun (G\u0130Z) ortakla\u015fa y\u00fcr\u00fctt\u00fc\u011f\u00fc program \u00e7er\u00e7evesinde Fas\u2019tan bir ekip incelemelerde bulunmak i\u00e7in Antalya\u2019ya geldi. Antalya\u2019n\u0131n \u015fehir merkezindeki en b\u00fcy\u00fck ye\u015fil alanlar\u0131ndan biri olan Konyaalt\u0131 Belediyesi\u2019nin hizmete soktu\u011fu HayatPark\u2019ta incelemelerde bulunan Fasl\u0131 ekibe Konyaalt\u0131 Belediyesi Park ve Bah\u00e7eler M\u00fcd\u00fcr\u00fc \u00d6nc\u00fc Ceylan Balo\u011flu \u00f6nc\u00fcl\u00fck etti. Balo\u011flu ekibi, orman ekosistemi, belediyenin HayatPark\u2019taki hizmetleri hakk\u0131nda bilgilendirdi. Antalya\u2019da olmaktan mutluluk duyduklar\u0131n\u0131 belirten Fasl\u0131 ekip, HayatPark\u2019\u0131 \u00e7ok be\u011fendiklerini, \u015fehir merkezinin tam ortas\u0131nda b\u00f6ylesine b\u00fcy\u00fck bir ye\u015fil alan\u0131n var olmas\u0131n\u0131n \u00e7ok de\u011ferli oldu\u011funu s\u00f6ylediler.<\/p>\n\n\n\n<p>Konyaalt\u0131 Belediyesi \/ B\u00fclten<\/p>\n","protected":false},"excerpt":{"rendered":"<p>Antalya\u2019ya Fas\u2019tan gelen ekip, \u015fehir merkezindeki en b\u00fcy\u00fck ye\u015fil alanlar\u0131ndan biri olan Konyaalt\u0131 Hayatpark\u2019ta incelemede bulundu. Ekipler HayatPark\u2019\u0131 \u00e7ok be\u011fendiklerini ifade ettiler. Fas Ulusal Orman <a href=\"https:\/\/akdenizhaber.com.tr\/index.php\/2023\/12\/02\/fasli-ekip-hayatparki-cok-sevdi\/\" class=\"read-more-link\">[more&#8230;]<\/a><\/p>\n","protected":false},"author":2,"featured_media":18274,"comment_status":"open","ping_status":"open","sticky":false,"template":"","format":"standard","meta":{"footnotes":""},"categories":[2],"tags":[],"class_list":["post-18273","post","type-post","status-publish","format-standard","has-post-thumbnail","hentry","category-gundem"],"_links":{"self":[{"href":"https:\/\/akdenizhaber.com.tr\/index.php\/wp-json\/wp\/v2\/posts\/18273","targetHints":{"allow":["GET"]}}],"collection":[{"href":"https:\/\/akdenizhaber.com.tr\/index.php\/wp-json\/wp\/v2\/posts"}],"about":[{"href":"https:\/\/akdenizhaber.com.tr\/index.php\/wp-json\/wp\/v2\/types\/post"}],"author":[{"embeddable":true,"href":"https:\/\/akdenizhaber.com.tr\/index.php\/wp-json\/wp\/v2\/users\/2"}],"replies":[{"embeddable":true,"href":"https:\/\/akdenizhaber.com.tr\/index.php\/wp-json\/wp\/v2\/comments?post=18273"}],"version-history":[{"count":0,"href":"https:\/\/akdenizhaber.com.tr\/index.php\/wp-json\/wp\/v2\/posts\/18273\/revisions"}],"wp:featuredmedia":[{"embeddable":true,"href":"https:\/\/akdenizhaber.com.tr\/index.php\/wp-json\/wp\/v2\/media\/18274"}],"wp:attachment":[{"href":"https:\/\/akdenizhaber.com.tr\/index.php\/wp-json\/wp\/v2\/media?parent=18273"}],"wp:term":[{"taxonomy":"category","embeddable":true,"href":"https:\/\/akdenizhaber.com.tr\/index.php\/wp-json\/wp\/v2\/categories?post=18273"},{"taxonomy":"post_tag","embeddable":true,"href":"https:\/\/akdenizhaber.com.tr\/index.php\/wp-json\/wp\/v2\/tags?post=18273"}],"curies":[{"name":"wp","href":"https:\/\/api.w.org\/{rel}","templated":true}]}}