{"id":18261,"date":"2023-12-02T13:54:14","date_gmt":"2023-12-02T10:54:14","guid":{"rendered":"https:\/\/akdenizhaber.com.tr\/?p=18261"},"modified":"2023-12-02T13:54:15","modified_gmt":"2023-12-02T10:54:15","slug":"aytmatova-kiz-kardes-ziyareti","status":"publish","type":"post","link":"https:\/\/akdenizhaber.com.tr\/index.php\/2023\/12\/02\/aytmatova-kiz-kardes-ziyareti\/","title":{"rendered":"Aytmatov\u2019a k\u0131z karde\u015f ziyareti"},"content":{"rendered":"\n<p><\/p>\n\n\n\n<p>Antalya\u2019da Muratpa\u015fa Belediyesi\u2019nin d\u00fcnyaca \u00fcnl\u00fc K\u0131rg\u0131z edebiyat\u00e7\u0131 Cengiz Aytmatov\u2019un do\u011fumunun 95\u2019inci y\u0131l\u0131 an\u0131s\u0131na a\u00e7t\u0131\u011f\u0131 k\u00fct\u00fcphaneyi Aytmatov\u2019un k\u0131z karde\u015fi Roza Aytmatov ziyaret etti.<\/p>\n\n\n\n<p>Muratpa\u015fa Belediyesi, kas\u0131m ay\u0131nda, do\u011fumunun 95\u2019inci y\u0131l d\u00f6n\u00fcm\u00fcnde K\u0131rg\u0131z edebiyat\u00e7\u0131 Cengiz Aytmatov\u2019un ad\u0131n\u0131 ta\u015f\u0131yan k\u00fct\u00fcphanenin a\u00e7\u0131l\u0131\u015f\u0131n\u0131 ger\u00e7ekle\u015ftirdi. G\u00fczeloba Mahallesi\u2019nde bulunan ve yazarla ayn\u0131 ad\u0131 ta\u015f\u0131yan park\u0131n i\u00e7erisinde hizmete a\u00e7\u0131lan, gazeteci ve yazar Oktay Pirim\u2019in de ba\u011f\u0131\u015f\u00e7\u0131lar\u0131 aras\u0131nda yer ald\u0131\u011f\u0131 k\u00fct\u00fcphanede, 5 bin kitap yer al\u0131yor. K\u0131rg\u0131z edebiyat\u0131ndan se\u00e7me eserlerin de bulundu\u011fu \u00f6zel bir b\u00f6l\u00fcm\u00fcn yer ald\u0131\u011f\u0131 k\u00fct\u00fcphanede, \u00f6\u011frencilerin ve s\u0131nava haz\u0131rlanan gen\u00e7lerin ders \u00e7al\u0131\u015fabilece\u011fi alanlar da bulunuyor.<br><br>A\u00e7\u0131l\u0131\u015f\u0131nda Cengiz Aytmatov\u2019un o\u011flu Eldar Aytmatov ve torunu S\u00fcleyman Aytmatov\u2019un da yer ald\u0131\u011f\u0131 k\u00fct\u00fcphaneyi, \u00fcnl\u00fc yazar\u0131n k\u0131z karde\u015fi Roza Aytmatov ve K\u0131rg\u0131zistan K\u00fclt\u00fcr, Enformasyon, Spor ve Gen\u00e7lik Politikas\u0131 Bakan Yard\u0131mc\u0131s\u0131 Timurlan Azhymaliev de ziyaret etti. K\u0131rg\u0131zistan K\u00fclt\u00fcr G\u00fcnleri kapsam\u0131nda Antalya\u2019da bulunan Roza Aytmatov, an\u0131 defterini de imzalad\u0131.<\/p>\n\n\n\n<p>Muratpa\u015fa Belediyesi \/ B\u00fclten<\/p>\n","protected":false},"excerpt":{"rendered":"<p>Antalya\u2019da Muratpa\u015fa Belediyesi\u2019nin d\u00fcnyaca \u00fcnl\u00fc K\u0131rg\u0131z edebiyat\u00e7\u0131 Cengiz Aytmatov\u2019un do\u011fumunun 95\u2019inci y\u0131l\u0131 an\u0131s\u0131na a\u00e7t\u0131\u011f\u0131 k\u00fct\u00fcphaneyi Aytmatov\u2019un k\u0131z karde\u015fi Roza Aytmatov ziyaret etti. Muratpa\u015fa Belediyesi, kas\u0131m <a href=\"https:\/\/akdenizhaber.com.tr\/index.php\/2023\/12\/02\/aytmatova-kiz-kardes-ziyareti\/\" class=\"read-more-link\">[more&#8230;]<\/a><\/p>\n","protected":false},"author":2,"featured_media":18262,"comment_status":"open","ping_status":"open","sticky":false,"template":"","format":"standard","meta":{"footnotes":""},"categories":[2],"tags":[],"class_list":["post-18261","post","type-post","status-publish","format-standard","has-post-thumbnail","hentry","category-gundem"],"_links":{"self":[{"href":"https:\/\/akdenizhaber.com.tr\/index.php\/wp-json\/wp\/v2\/posts\/18261","targetHints":{"allow":["GET"]}}],"collection":[{"href":"https:\/\/akdenizhaber.com.tr\/index.php\/wp-json\/wp\/v2\/posts"}],"about":[{"href":"https:\/\/akdenizhaber.com.tr\/index.php\/wp-json\/wp\/v2\/types\/post"}],"author":[{"embeddable":true,"href":"https:\/\/akdenizhaber.com.tr\/index.php\/wp-json\/wp\/v2\/users\/2"}],"replies":[{"embeddable":true,"href":"https:\/\/akdenizhaber.com.tr\/index.php\/wp-json\/wp\/v2\/comments?post=18261"}],"version-history":[{"count":0,"href":"https:\/\/akdenizhaber.com.tr\/index.php\/wp-json\/wp\/v2\/posts\/18261\/revisions"}],"wp:featuredmedia":[{"embeddable":true,"href":"https:\/\/akdenizhaber.com.tr\/index.php\/wp-json\/wp\/v2\/media\/18262"}],"wp:attachment":[{"href":"https:\/\/akdenizhaber.com.tr\/index.php\/wp-json\/wp\/v2\/media?parent=18261"}],"wp:term":[{"taxonomy":"category","embeddable":true,"href":"https:\/\/akdenizhaber.com.tr\/index.php\/wp-json\/wp\/v2\/categories?post=18261"},{"taxonomy":"post_tag","embeddable":true,"href":"https:\/\/akdenizhaber.com.tr\/index.php\/wp-json\/wp\/v2\/tags?post=18261"}],"curies":[{"name":"wp","href":"https:\/\/api.w.org\/{rel}","templated":true}]}}