{"id":18258,"date":"2023-12-01T13:46:11","date_gmt":"2023-12-01T10:46:11","guid":{"rendered":"https:\/\/akdenizhaber.com.tr\/?p=18258"},"modified":"2023-12-01T13:46:12","modified_gmt":"2023-12-01T10:46:12","slug":"ak-partili-sirinel-meclis-uyeligine-aday","status":"publish","type":"post","link":"https:\/\/akdenizhaber.com.tr\/index.php\/2023\/12\/01\/ak-partili-sirinel-meclis-uyeligine-aday\/","title":{"rendered":"Ak Parti\u2019li \u015eirinel Meclis \u00dcyeli\u011fine Aday"},"content":{"rendered":"\n<p><\/p>\n\n\n\n<p>31 Mart\u2019ta yap\u0131lacak Mahalli \u0130dareler Se\u00e7imleri i\u00e7in yo\u011fun talep g\u00f6ren Ak Parti\u2019de Belediye Ba\u015fkan Aday Adaylar\u0131n\u0131n ard\u0131ndan yeni bir ba\u015fvuru da Belediye Meclis \u00dcyeli\u011fi i\u00e7in geldi. Ak&nbsp; Parti Manavgat Kad\u0131n Kollar\u0131 Y\u00f6netim Kurulu \u00dcyesi Fatma \u015eirinel, adayl\u0131k dosyas\u0131n\u0131 il\u00e7e ba\u015fkanl\u0131\u011f\u0131na teslim ederek aday aday\u0131 oldu\u011funu a\u00e7\u0131klad\u0131. Ak Parti \u0130l\u00e7e Ba\u015fkan\u0131 Av.Ahmet Erol, partilerine olan yo\u011fun ilgiden memnuniyet duyduklar\u0131n\u0131 ifade ederken \u201caday aday\u0131 karde\u015fimize ba\u015far\u0131lar diliyorum. Hay\u0131rl\u0131 olsun\u201ddedi.<\/p>\n\n\n\n<p>(Haber Merkezi)<\/p>\n","protected":false},"excerpt":{"rendered":"<p>31 Mart\u2019ta yap\u0131lacak Mahalli \u0130dareler Se\u00e7imleri i\u00e7in yo\u011fun talep g\u00f6ren Ak Parti\u2019de Belediye Ba\u015fkan Aday Adaylar\u0131n\u0131n ard\u0131ndan yeni bir ba\u015fvuru da Belediye Meclis \u00dcyeli\u011fi i\u00e7in <a href=\"https:\/\/akdenizhaber.com.tr\/index.php\/2023\/12\/01\/ak-partili-sirinel-meclis-uyeligine-aday\/\" class=\"read-more-link\">[more&#8230;]<\/a><\/p>\n","protected":false},"author":2,"featured_media":18259,"comment_status":"open","ping_status":"open","sticky":false,"template":"","format":"standard","meta":{"footnotes":""},"categories":[2],"tags":[],"class_list":["post-18258","post","type-post","status-publish","format-standard","has-post-thumbnail","hentry","category-gundem"],"_links":{"self":[{"href":"https:\/\/akdenizhaber.com.tr\/index.php\/wp-json\/wp\/v2\/posts\/18258","targetHints":{"allow":["GET"]}}],"collection":[{"href":"https:\/\/akdenizhaber.com.tr\/index.php\/wp-json\/wp\/v2\/posts"}],"about":[{"href":"https:\/\/akdenizhaber.com.tr\/index.php\/wp-json\/wp\/v2\/types\/post"}],"author":[{"embeddable":true,"href":"https:\/\/akdenizhaber.com.tr\/index.php\/wp-json\/wp\/v2\/users\/2"}],"replies":[{"embeddable":true,"href":"https:\/\/akdenizhaber.com.tr\/index.php\/wp-json\/wp\/v2\/comments?post=18258"}],"version-history":[{"count":0,"href":"https:\/\/akdenizhaber.com.tr\/index.php\/wp-json\/wp\/v2\/posts\/18258\/revisions"}],"wp:featuredmedia":[{"embeddable":true,"href":"https:\/\/akdenizhaber.com.tr\/index.php\/wp-json\/wp\/v2\/media\/18259"}],"wp:attachment":[{"href":"https:\/\/akdenizhaber.com.tr\/index.php\/wp-json\/wp\/v2\/media?parent=18258"}],"wp:term":[{"taxonomy":"category","embeddable":true,"href":"https:\/\/akdenizhaber.com.tr\/index.php\/wp-json\/wp\/v2\/categories?post=18258"},{"taxonomy":"post_tag","embeddable":true,"href":"https:\/\/akdenizhaber.com.tr\/index.php\/wp-json\/wp\/v2\/tags?post=18258"}],"curies":[{"name":"wp","href":"https:\/\/api.w.org\/{rel}","templated":true}]}}