{"id":18247,"date":"2023-12-01T13:49:26","date_gmt":"2023-12-01T10:49:26","guid":{"rendered":"https:\/\/akdenizhaber.com.tr\/?p=18247"},"modified":"2023-12-01T13:49:29","modified_gmt":"2023-12-01T10:49:29","slug":"engelliler-dernegi-baskani-deniz-yilmaz-her-birey-engelli-adayidir-unutmayalim","status":"publish","type":"post","link":"https:\/\/akdenizhaber.com.tr\/index.php\/2023\/12\/01\/engelliler-dernegi-baskani-deniz-yilmaz-her-birey-engelli-adayidir-unutmayalim\/","title":{"rendered":"Engelliler Derne\u011fi Ba\u015fkan\u0131 Deniz Y\u0131lmaz;                     \u201cHer birey engelli aday\u0131d\u0131r unutmayal\u0131m\u201d"},"content":{"rendered":"\n<p><\/p>\n\n\n\n<p>Manavgat Engelliler Derne\u011fi Ba\u015fkan\u0131 Deniz Y\u0131lmaz D\u00fcnya Engelliler g\u00fcn\u00fc nedeniyle yaz\u0131l\u0131 bir bas\u0131n a\u00e7\u0131klamas\u0131nda bulundu.<\/p>\n\n\n\n<p>T\u00fcm insanlar\u0131n engelli bireylere yakla\u015f\u0131mda daha hassas davran\u0131lmas\u0131 gerekti\u011fini vurgulayan Deniz Y\u0131lmaz\u2019\u0131n bas\u0131n a\u00e7\u0131klamas\u0131 aynen \u015f\u00f6yle;<\/p>\n\n\n\n<p>\u201cT\u00fcm d\u00fcnyada engelli insanlar\u0131n sorunlar\u0131na dikkat \u00e7ekmek, onlar\u0131 topluma kazand\u0131rmak, hayat standartlar\u0131n\u0131 y\u00fckseltmek ve toplumsal fark\u0131ndal\u0131k olu\u015fturmak amac\u0131yla 3 Aral\u0131k g\u00fcn\u00fc, Birle\u015fmi\u015f Milletler taraf\u0131ndan D\u00fcnya Engelliler G\u00fcn\u00fc olarak kabul edilmi\u015ftir.<\/p>\n\n\n\n<p>Engellilik, sosyal y\u00f6nleriyle herkesi yak\u0131ndan ilgilendiren, olumsuz etkilerini en aza indirmek i\u00e7in herkesin katk\u0131s\u0131na, duyarl\u0131l\u0131\u011f\u0131na ve ortak \u00e7abas\u0131na ihtiya\u00e7 duyulan toplumsal bir husustur.<\/p>\n\n\n\n<p>Bu \u00f6nemli g\u00fcn, engelli insanlar\u0131 anlayabilmek a\u00e7\u0131s\u0131ndan olduk\u00e7a b\u00fcy\u00fck \u00f6neme sahiptir.<\/p>\n\n\n\n<p>\u00c7\u00fcnk\u00fc g\u00fcndelik hayatta kar\u015f\u0131la\u015ft\u0131klar\u0131 sorunlar sadece engelli bireylerin de\u011fil herkesin sorunudur.<\/p>\n\n\n\n<p>Gerek sosyal hayatta gerekse i\u015f hayat\u0131nda kendilerine zor yer bulan ve hayat\u0131n bir\u00e7ok alan\u0131nda \u00e7e\u015fitli \u201cengeller\u201d ile kar\u015f\u0131la\u015fan engelli bireylerin oldu\u011funu unutmamak gerekiyor.<\/p>\n\n\n\n<p>Bu \u00e7er\u00e7evede; hi\u00e7bir engelin se\u00e7im olmad\u0131\u011f\u0131n\u0131 hat\u0131rlat\u0131p, her sa\u011fl\u0131kl\u0131 insan\u0131n da bir engelli aday\u0131 oldu\u011fu ger\u00e7e\u011finin unutulmamas\u0131 gerekti\u011fini d\u00fc\u015f\u00fcn\u00fcyorum.<\/p>\n\n\n\n<p>Bu duygu ve d\u00fc\u015f\u00fcncelerle, Manavgat Engelliler Derne\u011fi olarak Engelli bireylerimizin her zaman her konuda yanlar\u0131nda oldu\u011fumuzu, onlar\u0131n haklar\u0131 i\u00e7in m\u00fccadele verdi\u011fimizi s\u00f6ylemek istiyorum. B\u00fct\u00fcn Engellerin ortadan kald\u0131r\u0131ld\u0131\u011f\u0131 e\u015fit ya\u015fama hakk\u0131n\u0131n oldu\u011fu, sosyal ya\u015fama \u00f6nem verildi\u011fi, en \u00f6nemlisi de daha eri\u015filebilir bir d\u00fcnya olmas\u0131n\u0131 temenni ediyorum\u201d dedi.<\/p>\n\n\n\n<p>(Haber Merkezi)<\/p>\n","protected":false},"excerpt":{"rendered":"<p>Manavgat Engelliler Derne\u011fi Ba\u015fkan\u0131 Deniz Y\u0131lmaz D\u00fcnya Engelliler g\u00fcn\u00fc nedeniyle yaz\u0131l\u0131 bir bas\u0131n a\u00e7\u0131klamas\u0131nda bulundu. T\u00fcm insanlar\u0131n engelli bireylere yakla\u015f\u0131mda daha hassas davran\u0131lmas\u0131 gerekti\u011fini vurgulayan <a href=\"https:\/\/akdenizhaber.com.tr\/index.php\/2023\/12\/01\/engelliler-dernegi-baskani-deniz-yilmaz-her-birey-engelli-adayidir-unutmayalim\/\" class=\"read-more-link\">[more&#8230;]<\/a><\/p>\n","protected":false},"author":2,"featured_media":18248,"comment_status":"open","ping_status":"open","sticky":false,"template":"","format":"standard","meta":{"footnotes":""},"categories":[2],"tags":[],"class_list":["post-18247","post","type-post","status-publish","format-standard","has-post-thumbnail","hentry","category-gundem"],"_links":{"self":[{"href":"https:\/\/akdenizhaber.com.tr\/index.php\/wp-json\/wp\/v2\/posts\/18247","targetHints":{"allow":["GET"]}}],"collection":[{"href":"https:\/\/akdenizhaber.com.tr\/index.php\/wp-json\/wp\/v2\/posts"}],"about":[{"href":"https:\/\/akdenizhaber.com.tr\/index.php\/wp-json\/wp\/v2\/types\/post"}],"author":[{"embeddable":true,"href":"https:\/\/akdenizhaber.com.tr\/index.php\/wp-json\/wp\/v2\/users\/2"}],"replies":[{"embeddable":true,"href":"https:\/\/akdenizhaber.com.tr\/index.php\/wp-json\/wp\/v2\/comments?post=18247"}],"version-history":[{"count":0,"href":"https:\/\/akdenizhaber.com.tr\/index.php\/wp-json\/wp\/v2\/posts\/18247\/revisions"}],"wp:featuredmedia":[{"embeddable":true,"href":"https:\/\/akdenizhaber.com.tr\/index.php\/wp-json\/wp\/v2\/media\/18248"}],"wp:attachment":[{"href":"https:\/\/akdenizhaber.com.tr\/index.php\/wp-json\/wp\/v2\/media?parent=18247"}],"wp:term":[{"taxonomy":"category","embeddable":true,"href":"https:\/\/akdenizhaber.com.tr\/index.php\/wp-json\/wp\/v2\/categories?post=18247"},{"taxonomy":"post_tag","embeddable":true,"href":"https:\/\/akdenizhaber.com.tr\/index.php\/wp-json\/wp\/v2\/tags?post=18247"}],"curies":[{"name":"wp","href":"https:\/\/api.w.org\/{rel}","templated":true}]}}