{"id":18244,"date":"2023-12-01T12:00:05","date_gmt":"2023-12-01T09:00:05","guid":{"rendered":"https:\/\/akdenizhaber.com.tr\/?p=18244"},"modified":"2023-12-01T12:00:07","modified_gmt":"2023-12-01T09:00:07","slug":"engelim-ne","status":"publish","type":"post","link":"https:\/\/akdenizhaber.com.tr\/index.php\/2023\/12\/01\/engelim-ne\/","title":{"rendered":"ENGEL\u0130M NE?.."},"content":{"rendered":"\n<p><\/p>\n\n\n\n<p><\/p>\n\n\n\n<p>Ne diye y\u00fcz\u00fcme g\u00fcl\u00fcp te ard\u0131mdan konu\u015fursunuz anlamam..<\/p>\n\n\n\n<p>D\u00fcn bende sizin gibi de\u011fil miydim.<\/p>\n\n\n\n<p>Lanet olas\u0131 \u015farapnel par\u00e7as\u0131 getirdi beni bu hale.<\/p>\n\n\n\n<p>G\u00f6ren g\u00f6z\u00fcm g\u00f6rmez.<\/p>\n\n\n\n<p>Tutan elim tutmaz.<\/p>\n\n\n\n<p>Ko\u015fan ve yorulmayan ayaklar\u0131m basamaz hale geldi.<\/p>\n\n\n\n<p>Durup dururken mi oldu?.<\/p>\n\n\n\n<p>Ya da g\u00f6r\u00fcnmez bir kazam\u0131yd\u0131 bu ba\u015f\u0131ma gelenler.<\/p>\n\n\n\n<p>Bende sizin gibiydim.<\/p>\n\n\n\n<p>Elim aya\u011f\u0131m tutuyor.<\/p>\n\n\n\n<p>G\u00f6zlerim ye\u015filin t\u00fcm tonlar\u0131n\u0131.<\/p>\n\n\n\n<p>Mavinin g\u00fczelliklerini.<\/p>\n\n\n\n<p>K\u0131rm\u0131z\u0131n\u0131n \u015fim\u015feklerini ay\u0131rabiliyordu.<\/p>\n\n\n\n<p>G\u00fcne\u015fin kavurucu s\u0131cakl\u0131\u011f\u0131na kar\u015f\u0131n, g\u00f6ky\u00fcz\u00fcne kafam\u0131 kald\u0131rd\u0131\u011f\u0131mda ne kadar g\u00fczel oldu\u011funu fark edebiliyordum.<\/p>\n\n\n\n<p>Deniz kenar\u0131na vard\u0131\u011f\u0131mda dibindeki \u00e7ak\u0131l ta\u015flar\u0131n\u0131.<\/p>\n\n\n\n<p>A\u00e7\u0131l\u0131p kapanan midye a\u011f\u0131zlar\u0131n\u0131.<\/p>\n\n\n\n<p>\u00c7\u00f6p\u00e7\u00fc bal\u0131klar\u0131n\u0131.<\/p>\n\n\n\n<p>G\u00f6rebiliyor, onlara ekmek k\u0131r\u0131nt\u0131lar\u0131 at\u0131yordum.<\/p>\n\n\n\n<p>Bug\u00fcn o g\u00f6rd\u00fcklerimin hayali ile her \u015feye ra\u011fmen \u015f\u00fckrediyorum.<\/p>\n\n\n\n<p>Elim aya\u011f\u0131m tutmasa da.<\/p>\n\n\n\n<p>G\u00f6z\u00fcm g\u00f6rmese de ya\u015fam\u0131n elverdi\u011fi ko\u015fullarda nefes al\u0131p verebiliyor.<\/p>\n\n\n\n<p>Bo\u015fu bo\u015funa de\u011fil.<\/p>\n\n\n\n<p>Dolu dolu y\u00fcrekle ya\u015f\u0131yorum.<\/p>\n\n\n\n<p>Her y\u0131l kutlanan D\u00fcnya \u00d6z\u00fcrl\u00fcler g\u00fcn\u00fcnde hal hat\u0131r soranlara ise isyan bayra\u011f\u0131n\u0131 \u00e7ekiyorum.<\/p>\n\n\n\n<p>G\u00f6lge etmeyin ba\u015fka ihsan istemem deyimi ile hal ve hat\u0131r\u0131 y\u0131lda bir kez de\u011fil.<\/p>\n\n\n\n<p>Her daim sorun istiyorum.<\/p>\n\n\n\n<p>Sorun ve beni sizden olmayan biri olarak g\u00f6rmeyin l\u00fctfen.<\/p>\n\n\n\n<p>Bir zamanlar bende sizin gibiydim unutmay\u0131n.<\/p>\n\n\n\n<p>Yar\u0131n Allah g\u00f6stermesin ayn\u0131 \u015fekilde sizinde ba\u015f\u0131n\u0131za beklenmedik bir kaza gelebilir.<\/p>\n\n\n\n<p>Bir trafik kazas\u0131.<\/p>\n\n\n\n<p>Ne bileyim ya\u015fanas\u0131 ama kahrolas\u0131 bu d\u00fcnya&#8217;da en g\u00fczelinin sa\u011fl\u0131k oldu\u011funa inan\u0131yorum.<\/p>\n\n\n\n<p>Bug\u00fcn d\u00fcnya \u00f6z\u00fcrl\u00fcler g\u00fcn\u00fc.<\/p>\n\n\n\n<p>Bug\u00fcn yine nutuklar atacaks\u0131n\u0131z benim i\u00e7in biliyorum.<\/p>\n\n\n\n<p>B\u0131rak\u0131n nutu\u011fu&#8230;<\/p>\n\n\n\n<p>B\u0131rak\u0131n safsatay\u0131..<\/p>\n\n\n\n<p>\u00d6z\u00fcrl\u00fcler i\u00e7in ne yapacaks\u0131n\u0131z onu a\u00e7\u0131klay\u0131n.<\/p>\n\n\n\n<p>Bizde sizden biriyiz.<\/p>\n\n\n\n<p>Ayr\u0131cal\u0131kl\u0131 olmak istemiyoruz.<\/p>\n\n\n\n<p>Adam gibi geldik d\u00fcnya&#8217;ya.<\/p>\n\n\n\n<p>Adam gibi ya\u015famak istiyoruz.<\/p>\n\n\n\n<p>Haydi, kal\u0131n sa\u011fl\u0131cakla.<\/p>\n\n\n\n<p>Her \u015fey y\u00fcre\u011finize g\u00f6re olsun..<\/p>\n\n\n\n<p>HOPDED\u0130K<\/p>\n\n\n\n<p>\u00d6Z\u00dcR.<\/p>\n\n\n\n<p>Sen, ben,<\/p>\n\n\n\n<p>Ve de di\u011ferleri<\/p>\n\n\n\n<p>Ne fark eder ki.<\/p>\n\n\n\n<p>Hepimizin insanca<\/p>\n\n\n\n<p>Ya\u015famak<\/p>\n\n\n\n<p>hakk\u0131 de\u011fil mi?..<\/p>\n","protected":false},"excerpt":{"rendered":"<p>Ne diye y\u00fcz\u00fcme g\u00fcl\u00fcp te ard\u0131mdan konu\u015fursunuz anlamam.. D\u00fcn bende sizin gibi de\u011fil miydim. Lanet olas\u0131 \u015farapnel par\u00e7as\u0131 getirdi beni bu hale. G\u00f6ren g\u00f6z\u00fcm g\u00f6rmez. <a href=\"https:\/\/akdenizhaber.com.tr\/index.php\/2023\/12\/01\/engelim-ne\/\" class=\"read-more-link\">[more&#8230;]<\/a><\/p>\n","protected":false},"author":2,"featured_media":18245,"comment_status":"open","ping_status":"open","sticky":false,"template":"","format":"standard","meta":{"footnotes":""},"categories":[2],"tags":[],"class_list":["post-18244","post","type-post","status-publish","format-standard","has-post-thumbnail","hentry","category-gundem"],"_links":{"self":[{"href":"https:\/\/akdenizhaber.com.tr\/index.php\/wp-json\/wp\/v2\/posts\/18244","targetHints":{"allow":["GET"]}}],"collection":[{"href":"https:\/\/akdenizhaber.com.tr\/index.php\/wp-json\/wp\/v2\/posts"}],"about":[{"href":"https:\/\/akdenizhaber.com.tr\/index.php\/wp-json\/wp\/v2\/types\/post"}],"author":[{"embeddable":true,"href":"https:\/\/akdenizhaber.com.tr\/index.php\/wp-json\/wp\/v2\/users\/2"}],"replies":[{"embeddable":true,"href":"https:\/\/akdenizhaber.com.tr\/index.php\/wp-json\/wp\/v2\/comments?post=18244"}],"version-history":[{"count":0,"href":"https:\/\/akdenizhaber.com.tr\/index.php\/wp-json\/wp\/v2\/posts\/18244\/revisions"}],"wp:featuredmedia":[{"embeddable":true,"href":"https:\/\/akdenizhaber.com.tr\/index.php\/wp-json\/wp\/v2\/media\/18245"}],"wp:attachment":[{"href":"https:\/\/akdenizhaber.com.tr\/index.php\/wp-json\/wp\/v2\/media?parent=18244"}],"wp:term":[{"taxonomy":"category","embeddable":true,"href":"https:\/\/akdenizhaber.com.tr\/index.php\/wp-json\/wp\/v2\/categories?post=18244"},{"taxonomy":"post_tag","embeddable":true,"href":"https:\/\/akdenizhaber.com.tr\/index.php\/wp-json\/wp\/v2\/tags?post=18244"}],"curies":[{"name":"wp","href":"https:\/\/api.w.org\/{rel}","templated":true}]}}