{"id":18241,"date":"2023-12-01T11:59:03","date_gmt":"2023-12-01T08:59:03","guid":{"rendered":"https:\/\/akdenizhaber.com.tr\/?p=18241"},"modified":"2023-12-01T11:59:05","modified_gmt":"2023-12-01T08:59:05","slug":"iyi-parti-antalya-milletvekili-kaya-askida-turizm-personeline-cozum-bulunmali","status":"publish","type":"post","link":"https:\/\/akdenizhaber.com.tr\/index.php\/2023\/12\/01\/iyi-parti-antalya-milletvekili-kaya-askida-turizm-personeline-cozum-bulunmali\/","title":{"rendered":"\u0130Y\u0130 Parti Antalya Milletvekili Kaya;                              \u201cAsk\u0131da turizm personeline \u00e7\u00f6z\u00fcm bulunmal\u0131\u201d"},"content":{"rendered":"\n<p><\/p>\n\n\n\n<p>\u0130Y\u0130 Parti Antalya Milletvekili Kaya, TBMM Genel Kurulu\u2019nda yapt\u0131\u011f\u0131 konu\u015fmas\u0131nda, Antalya&#8217;da turizm sekt\u00f6r\u00fcnde \u00e7al\u0131\u015fanlar\u0131n ya\u015fad\u0131\u011f\u0131 zorluklara dikkat \u00e7ekerek, sezon sonunda i\u015fsiz kalan ve ask\u0131da bekleyen personelin sorunlar\u0131na \u00e7\u00f6z\u00fcm \u00f6nerilerini payla\u015ft\u0131.<\/p>\n\n\n\n<p>&#8220;Yoksulluk s\u0131n\u0131r\u0131n\u0131n 46 bin TL&#8217;ye dayand\u0131\u011f\u0131 \u00fclkemizde ask\u0131daki personel nas\u0131l ge\u00e7inecek?&#8221;<\/p>\n\n\n\n<p>Antalya&#8217;da turizm \u00e7al\u0131\u015fanlar\u0131n\u0131n en b\u00fcy\u00fck k\u00e2busunun sezon sonunda i\u015fsiz kalma ve ask\u0131ya al\u0131nma korkusu oldu\u011funu belirten Kaya, ask\u0131daki turizm personeli i\u00e7in kanuni haklar\u0131n sa\u011flanamad\u0131\u011f\u0131n\u0131, ne \u00e7al\u0131\u015fan ne de i\u015fsiz g\u00f6r\u00fcnd\u00fcklerini, bir nevi \u00fccretsiz izin durumuyla kar\u015f\u0131 kar\u015f\u0131ya olduklar\u0131n\u0131 belirtti. Di\u011fer taraftan, s\u00f6z konusu personelin i\u015f akdinde bir fesih olmad\u0131\u011f\u0131ndan i\u015fsizlik maa\u015f\u0131n\u0131n ortadan kalkt\u0131\u011f\u0131n\u0131 dile getiren Kaya, tek sezonluk bir s\u00f6zle\u015fme yap\u0131lmas\u0131 halinde bir y\u0131l dolmad\u0131\u011f\u0131 i\u00e7in tazminat hakk\u0131n\u0131n da kazan\u0131lmad\u0131\u011f\u0131n\u0131 ifade etti. Kaya, k\u0131\u015f aylar\u0131nda binlerce personelin ask\u0131da kald\u0131\u011f\u0131n\u0131, tazminat, ihbar ve i\u015fsizlik maa\u015f\u0131 gibi haklar\u0131n\u0131 alamad\u0131\u011f\u0131n\u0131 ve ge\u00e7im s\u0131k\u0131nt\u0131s\u0131yla m\u00fccadele etmek zorunda kald\u0131klar\u0131n\u0131 belirtti.<\/p>\n\n\n\n<p>Konu\u015fmas\u0131nda ev kiralar\u0131n\u0131n astronomik seviyede olmas\u0131na ve lojman \u015fartlar\u0131n\u0131n olumsuzlu\u011funa da dikkat \u00e7eken Kaya, sezon sonunda personelin kalacak yer bulamad\u0131\u011f\u0131 i\u00e7in bar\u0131nma sorunu ya\u015fad\u0131\u011f\u0131n\u0131n alt\u0131n\u0131 \u00e7izdi. Ayr\u0131ca sezon sonunda memleketine giden personelin geri d\u00f6n\u00fc\u015f masraflar\u0131n\u0131 kendilerinin \u00fcstlendiklerini, i\u015fe tekrar giri\u015fi yap\u0131l\u0131rken de kendilerinden ayn\u0131 evrak ve belgelerin tekrar istenmesinin ayr\u0131 bir maliyet olu\u015fturdu\u011funu vurgulad\u0131.<\/p>\n\n\n\n<p>Adil ve kapsay\u0131c\u0131 politika \u00e7a\u011fr\u0131s\u0131<\/p>\n\n\n\n<p>Kaya, ask\u0131daki turizm personelinin ya\u015fad\u0131klar\u0131 sorunlara ili\u015fkin olarak baz\u0131 \u00e7\u00f6z\u00fcm \u00f6nerilerini de payla\u015ft\u0131. Ek bir maddeyle ask\u0131 personelinin SGK&#8217;yle ilgili haklardan yararlanmas\u0131n\u0131 sa\u011flayacak kanuni d\u00fczenleme yap\u0131lmas\u0131 gerekti\u011fini belirten Kaya, konaklama tesislerinin \u00f6dedi\u011fi vergi, konaklama vergisi gibi fonlardan ask\u0131daki turizm personeline \u00e7al\u0131\u015fmad\u0131\u011f\u0131 d\u00f6nem boyunca belli oranda maddi destek verilmesi \u00e7a\u011fr\u0131s\u0131nda bulundu. Vergiden sa\u011flanacak destekle k\u0131sa \u00e7al\u0131\u015fma \u00f6dene\u011finde oldu\u011fu gibi, personelin ask\u0131da oldu\u011fu s\u00fcre i\u00e7erisinde \u00fccretinin y\u00fczde 50&#8217;sinin i\u015fletme, y\u00fczde 50&#8217;sinin de devlet taraf\u0131ndan olacak \u015fekilde kar\u015f\u0131lanmas\u0131 gerekti\u011fini belirtti. Kaya, mevsimlik turizm i\u015f\u00e7ilerinin k\u0131\u015f aylar\u0131nda ya\u015fad\u0131\u011f\u0131 zorluklar\u0131n hafifletilmesi ve onlara adil bir destek sa\u011flanmas\u0131 gerekti\u011finin alt\u0131n\u0131 \u00e7izerek, hem i\u015fveren hem de i\u015f\u00e7i i\u00e7in kay\u0131p yaratan bu sorun i\u00e7in adil ve kapsay\u0131c\u0131 bir politika olu\u015fturmak gerekti\u011fini belirtti.<\/p>\n\n\n\n<p>Kaya: \u201cTurizm Meslek Birli\u011fi Yasas\u0131 acil bir ihtiya\u00e7t\u0131r\u201d<\/p>\n\n\n\n<p>Konu\u015fmas\u0131n\u0131n devam\u0131nda, Turizm Meslek Birli\u011fi Yasas\u0131\u2019n\u0131n bir an evvel \u00e7\u0131kar\u0131lmas\u0131 gerekti\u011fini vurgulayan Kaya, \u201cKalifiyeli personel olu\u015fturmak, turizmde d\u00fcnya ligine \u00e7\u0131kmak istiyorsak, t\u00fcm payda\u015flar\u0131 da toplayarak meslek yasas\u0131n\u0131 haz\u0131rlamaya ba\u015flamal\u0131y\u0131z\u201d ifadelerini kulland\u0131.<\/p>\n\n\n\n<p>Turizm \u00e7al\u0131\u015fanlar\u0131n\u0131 temsil edecek, adil \u00fccret almas\u0131n\u0131 sa\u011flayacak, haklar\u0131n\u0131 ve \u00e7\u0131karlar\u0131n\u0131 koruyacak bir meslek odas\u0131 h\u00e2line gelmesi gerekti\u011fini belirten Kaya, \u201cTurizmde istihdam edilen personel, aidiyet duygusuyla ne kadar mutlu edilirse, T\u00fcrk turizmi de o oranda de\u011fer kazanacakt\u0131r\u201d diyerek konunun \u00f6nemine dikkat \u00e7ekti.<\/p>\n\n\n\n<p>(Haber Merkezi)<\/p>\n","protected":false},"excerpt":{"rendered":"<p>\u0130Y\u0130 Parti Antalya Milletvekili Kaya, TBMM Genel Kurulu\u2019nda yapt\u0131\u011f\u0131 konu\u015fmas\u0131nda, Antalya&#8217;da turizm sekt\u00f6r\u00fcnde \u00e7al\u0131\u015fanlar\u0131n ya\u015fad\u0131\u011f\u0131 zorluklara dikkat \u00e7ekerek, sezon sonunda i\u015fsiz kalan ve ask\u0131da bekleyen <a href=\"https:\/\/akdenizhaber.com.tr\/index.php\/2023\/12\/01\/iyi-parti-antalya-milletvekili-kaya-askida-turizm-personeline-cozum-bulunmali\/\" class=\"read-more-link\">[more&#8230;]<\/a><\/p>\n","protected":false},"author":2,"featured_media":18242,"comment_status":"open","ping_status":"open","sticky":false,"template":"","format":"standard","meta":{"footnotes":""},"categories":[2],"tags":[],"class_list":["post-18241","post","type-post","status-publish","format-standard","has-post-thumbnail","hentry","category-gundem"],"_links":{"self":[{"href":"https:\/\/akdenizhaber.com.tr\/index.php\/wp-json\/wp\/v2\/posts\/18241","targetHints":{"allow":["GET"]}}],"collection":[{"href":"https:\/\/akdenizhaber.com.tr\/index.php\/wp-json\/wp\/v2\/posts"}],"about":[{"href":"https:\/\/akdenizhaber.com.tr\/index.php\/wp-json\/wp\/v2\/types\/post"}],"author":[{"embeddable":true,"href":"https:\/\/akdenizhaber.com.tr\/index.php\/wp-json\/wp\/v2\/users\/2"}],"replies":[{"embeddable":true,"href":"https:\/\/akdenizhaber.com.tr\/index.php\/wp-json\/wp\/v2\/comments?post=18241"}],"version-history":[{"count":0,"href":"https:\/\/akdenizhaber.com.tr\/index.php\/wp-json\/wp\/v2\/posts\/18241\/revisions"}],"wp:featuredmedia":[{"embeddable":true,"href":"https:\/\/akdenizhaber.com.tr\/index.php\/wp-json\/wp\/v2\/media\/18242"}],"wp:attachment":[{"href":"https:\/\/akdenizhaber.com.tr\/index.php\/wp-json\/wp\/v2\/media?parent=18241"}],"wp:term":[{"taxonomy":"category","embeddable":true,"href":"https:\/\/akdenizhaber.com.tr\/index.php\/wp-json\/wp\/v2\/categories?post=18241"},{"taxonomy":"post_tag","embeddable":true,"href":"https:\/\/akdenizhaber.com.tr\/index.php\/wp-json\/wp\/v2\/tags?post=18241"}],"curies":[{"name":"wp","href":"https:\/\/api.w.org\/{rel}","templated":true}]}}