{"id":18238,"date":"2023-12-01T11:57:42","date_gmt":"2023-12-01T08:57:42","guid":{"rendered":"https:\/\/akdenizhaber.com.tr\/?p=18238"},"modified":"2023-12-01T11:57:44","modified_gmt":"2023-12-01T08:57:44","slug":"sukran-gunu-yemegindeki-ticari-hareketlilik-noel-bayrami-tatilinde-de-olabilir","status":"publish","type":"post","link":"https:\/\/akdenizhaber.com.tr\/index.php\/2023\/12\/01\/sukran-gunu-yemegindeki-ticari-hareketlilik-noel-bayrami-tatilinde-de-olabilir\/","title":{"rendered":"\u015e\u00fckran G\u00fcn\u00fc Yeme\u011fi&#8217;ndeki ticari hareketlilik Noel Bayram\u0131 Tatilinde de olabilir!"},"content":{"rendered":"\n<p><\/p>\n\n\n\n<p>Turizm ara\u015ft\u0131rmac\u0131s\u0131 Erol G\u00fcldal, Amerika Birle\u015fik Devletleri(ABD) \u201d\u015e\u00fckran G\u00fcn\u00fc Yeme\u011fi&#8221; bulu\u015fmas\u0131n\u0131n 2022 y\u0131l\u0131nda Amerikan. Ekonomisine 118 milyar ekonomik girdi olu\u015fturdu\u011funu s\u00f6yledi.<\/p>\n\n\n\n<p>ABD&#8217;de de \u015e\u00fckran G\u00fcn\u00fc Yeme\u011fi&#8217;nin esas amac\u0131n\u0131n bizdeki S\u0131lay\u0131 Rahim (Yak\u0131n Akraba) ba\u011flar\u0131n\u0131 k\u00fclt\u00fcr\u00fcn\u00fc yayg\u0131nla\u015ft\u0131rmak oldu\u011funu belirten Sideli turizmci ve turizm ara\u015ft\u0131rmac\u0131 Erol G\u00fcldal, &#8221; \u00d6n\u00fcm\u00fczde Noel Bayram\u0131 var. Y\u0131lba\u015f\u0131nda ayn\u0131 ekonomik hareketlilik ABD \u015e\u00fckran G\u00fcn\u00fcn\u00fc de al\u0131\u015fveri\u015f hareketlilik olu\u015fturulabilir Art\u0131k g\u00fcn\u00fcm\u00fczde&nbsp; Y\u0131lba\u015f\u0131 \u00f6ncesi T\u00fcrkiye turizmin amiral gemisi Antalya&#8217;da Amerikan \u015e\u00fckran G\u00fcn\u00fc Yeme\u011fi&#8217;nde 263 milyonluk n\u00fcfusunda ge\u00e7en y\u0131l olu\u015fan 118 milyarl\u0131k ekonomik hareketlili\u011fine bu sene 2023 y\u0131l\u0131nda y\u00fczde 40 artm\u0131\u015f.&nbsp; Noel Bayram\u0131 tatilinde Antalya turizmi ABD \u015e\u00fckran G\u00fcn\u00fc Yeme\u011fi&#8217;nde olu\u015fan hareketlili\u011fin y\u00fczde 2&#8217;si Antalya ekonomik ticaretini \u015faha kald\u0131r\u0131r.&#8221; dedi.<\/p>\n\n\n\n<p>Haber\/Abdurrahman B\u00fcy\u00fckkeskin<\/p>\n","protected":false},"excerpt":{"rendered":"<p>Turizm ara\u015ft\u0131rmac\u0131s\u0131 Erol G\u00fcldal, Amerika Birle\u015fik Devletleri(ABD) \u201d\u015e\u00fckran G\u00fcn\u00fc Yeme\u011fi&#8221; bulu\u015fmas\u0131n\u0131n 2022 y\u0131l\u0131nda Amerikan. Ekonomisine 118 milyar ekonomik girdi olu\u015fturdu\u011funu s\u00f6yledi. ABD&#8217;de de \u015e\u00fckran G\u00fcn\u00fc <a href=\"https:\/\/akdenizhaber.com.tr\/index.php\/2023\/12\/01\/sukran-gunu-yemegindeki-ticari-hareketlilik-noel-bayrami-tatilinde-de-olabilir\/\" class=\"read-more-link\">[more&#8230;]<\/a><\/p>\n","protected":false},"author":2,"featured_media":18239,"comment_status":"open","ping_status":"open","sticky":false,"template":"","format":"standard","meta":{"footnotes":""},"categories":[2],"tags":[],"class_list":["post-18238","post","type-post","status-publish","format-standard","has-post-thumbnail","hentry","category-gundem"],"_links":{"self":[{"href":"https:\/\/akdenizhaber.com.tr\/index.php\/wp-json\/wp\/v2\/posts\/18238","targetHints":{"allow":["GET"]}}],"collection":[{"href":"https:\/\/akdenizhaber.com.tr\/index.php\/wp-json\/wp\/v2\/posts"}],"about":[{"href":"https:\/\/akdenizhaber.com.tr\/index.php\/wp-json\/wp\/v2\/types\/post"}],"author":[{"embeddable":true,"href":"https:\/\/akdenizhaber.com.tr\/index.php\/wp-json\/wp\/v2\/users\/2"}],"replies":[{"embeddable":true,"href":"https:\/\/akdenizhaber.com.tr\/index.php\/wp-json\/wp\/v2\/comments?post=18238"}],"version-history":[{"count":0,"href":"https:\/\/akdenizhaber.com.tr\/index.php\/wp-json\/wp\/v2\/posts\/18238\/revisions"}],"wp:featuredmedia":[{"embeddable":true,"href":"https:\/\/akdenizhaber.com.tr\/index.php\/wp-json\/wp\/v2\/media\/18239"}],"wp:attachment":[{"href":"https:\/\/akdenizhaber.com.tr\/index.php\/wp-json\/wp\/v2\/media?parent=18238"}],"wp:term":[{"taxonomy":"category","embeddable":true,"href":"https:\/\/akdenizhaber.com.tr\/index.php\/wp-json\/wp\/v2\/categories?post=18238"},{"taxonomy":"post_tag","embeddable":true,"href":"https:\/\/akdenizhaber.com.tr\/index.php\/wp-json\/wp\/v2\/tags?post=18238"}],"curies":[{"name":"wp","href":"https:\/\/api.w.org\/{rel}","templated":true}]}}