{"id":18235,"date":"2023-12-01T11:56:48","date_gmt":"2023-12-01T08:56:48","guid":{"rendered":"https:\/\/akdenizhaber.com.tr\/?p=18235"},"modified":"2023-12-01T11:56:50","modified_gmt":"2023-12-01T08:56:50","slug":"antalya-valisi-sahin-dilimiz-bir-kulturumuz-bir","status":"publish","type":"post","link":"https:\/\/akdenizhaber.com.tr\/index.php\/2023\/12\/01\/antalya-valisi-sahin-dilimiz-bir-kulturumuz-bir\/","title":{"rendered":"Antalya Valisi \u015eahin; &#8220;Dilimiz Bir K\u00fclt\u00fcr\u00fcm\u00fcz Bir&#8221;"},"content":{"rendered":"\n<p><br>K\u0131rg\u0131zistan\u2019\u0131n ba\u011f\u0131ms\u0131zl\u0131\u011f\u0131n\u0131n 32. y\u0131l d\u00f6n\u00fcm\u00fc, T\u00fcrkiye Y\u00fczy\u0131l\u0131 ve Cengiz Aytmatov\u2019un do\u011fumunun 95. y\u0131l d\u00f6n\u00fcm\u00fcne ithafen d\u00fczenlenen K\u0131rg\u0131zistan K\u00fclt\u00fcr G\u00fcnleri, kapan\u0131\u015f konseriyle sona erdi.<\/p>\n\n\n\n<p><br>Ha\u015fim \u0130\u015fcan K\u00fclt\u00fcr Merkezi\u2019nde d\u00fczenlenen konsere, Vali Hulusi \u015eahin, K\u0131rg\u0131z Cumhuriyeti Ankara B\u00fcy\u00fckel\u00e7isi Ruslan Kazakbaev, K\u0131rg\u0131zistan K\u00fclt\u00fcr, Enformasyon, Spor ve Gen\u00e7lik Politikas\u0131 Bakan Yard\u0131mc\u0131s\u0131 Timurlan Azhymaliev, K\u0131rg\u0131z Cumhuriyeti Antalya Ba\u015fkonsolosu Rustam Koshonov, K\u0131rg\u0131z Cumhuriyeti \u0130stanbul Ba\u015fkonsolosu Lina S\u0131d\u0131kova ve \u00e7ok say\u0131da davetli kat\u0131ld\u0131.<\/p>\n\n\n\n<p><br>K\u0131rg\u0131z Milli Mar\u015f\u0131 ve \u0130stiklal Mar\u015f\u0131n\u0131n okunmas\u0131yla ba\u015flayan k\u00fclt\u00fcr g\u00fcnleri etkinli\u011finde konu\u015fan Vali Hulusi \u015eahin iki \u00fclke aras\u0131ndaki g\u00f6n\u00fcl ba\u011flar\u0131na vurgu yapt\u0131<\/p>\n\n\n\n<p><br>&#8220;Dilimiz Bir K\u00fclt\u00fcr\u00fcm\u00fcz Bir&#8221;<br>K\u0131rg\u0131z k\u00fclt\u00fcr\u00fcn\u00fcn Y\u00f6r\u00fck T\u00fcrk k\u00fclt\u00fcr\u00fcne yak\u0131nl\u0131\u011f\u0131na de\u011finen Vali \u015eahin &#8220;Bu g\u00fcn Antalya i\u00e7in \u00e7ok g\u00fczel bir g\u00fcn. Ata yurdumuzdan Ana yurdumuza esintiler geldi. K\u0131rg\u0131z K\u00fclt\u00fcr\u00fc Antalya&#8217;ya, Y\u00f6r\u00fck k\u00fclt\u00fcr\u00fcne \u00e7ok yak\u0131n. Dilimiz bir, k\u00fclt\u00fcr\u00fcm\u00fcz bir. Biz kendimizi tan\u0131mlarken \u201cTanr\u0131 Da\u011f\u0131 kadar T\u00fcrk\u00fcz\u201d deriz. Kalbimiz Tanr\u0131 Da\u011flar\u0131 ile Ulu Pamir ile \u00e7arpar.&#8221;dedi.<\/p>\n\n\n\n<p><br>Cengiz Aytmatov 20\u2019nci Y\u00fczy\u0131l\u0131n Dede Korkut\u2019udur<br>K\u0131rg\u0131zistan Cumhuriyeti\u2019nin 32\u2019inci y\u0131l d\u00f6n\u00fcm\u00fcnde Karde\u015f \u00dclke K\u0131rg\u0131zistan Cumhuriyetinin ayn\u0131 zamanda T\u00fcrkiye Cumhuriyeti\u2019nin 100\u2019\u00fcnc\u00fc y\u0131l d\u00f6n\u00fcm\u00fc ve Cengiz Aytmatov\u2019un do\u011fumunun 95\u2019inci y\u0131l\u0131n\u0131 da kutlad\u0131\u011f\u0131na de\u011finen Vali \u015eahin, \u201cCengiz Aytmatov T\u00fcrk d\u00fcnyas\u0131n\u0131n ortak de\u011feridir. Bir ulu\u011f ki\u015fisidir. 20\u2019nci y\u00fczy\u0131l\u0131n Dede Korkut\u2019udur. Halk ozan\u0131m\u0131z Ne\u015fet Erta\u015f \u2018G\u00f6n\u00fclden g\u00f6n\u00fcle bir yol var\u2019 der. Bizim de ata yurdumuzla g\u00f6n\u00fclden g\u00f6n\u00fcle bir yolumuz var. Dilimiz, k\u00fclt\u00fcr\u00fcm\u00fcz bir. Bu ak\u015fam bin y\u0131l \u00f6nce ayr\u0131ld\u0131\u011f\u0131m\u0131z ama kalbimizden hi\u00e7 \u00e7\u0131kmayan ata yurdumuzdan bize esintiler getiren K\u0131rg\u0131z karde\u015flerimize te\u015fekk\u00fcr ediyorum.\u201d \u0130fadelerini kulland\u0131.<\/p>\n\n\n\n<p><br>Vali \u015eahin konserin ard\u0131ndan ard\u0131ndan geleneksel K\u0131rg\u0131z k\u0131yafet ve el yap\u0131m\u0131 \u00fcr\u00fcnleri stantlar\u0131n\u0131 inceleyip resim sergisini gezdi.<\/p>\n\n\n\n<p>Antalya Valili\u011fi \/ B\u00fclten<\/p>\n","protected":false},"excerpt":{"rendered":"<p>K\u0131rg\u0131zistan\u2019\u0131n ba\u011f\u0131ms\u0131zl\u0131\u011f\u0131n\u0131n 32. y\u0131l d\u00f6n\u00fcm\u00fc, T\u00fcrkiye Y\u00fczy\u0131l\u0131 ve Cengiz Aytmatov\u2019un do\u011fumunun 95. y\u0131l d\u00f6n\u00fcm\u00fcne ithafen d\u00fczenlenen K\u0131rg\u0131zistan K\u00fclt\u00fcr G\u00fcnleri, kapan\u0131\u015f konseriyle sona erdi. Ha\u015fim \u0130\u015fcan <a href=\"https:\/\/akdenizhaber.com.tr\/index.php\/2023\/12\/01\/antalya-valisi-sahin-dilimiz-bir-kulturumuz-bir\/\" class=\"read-more-link\">[more&#8230;]<\/a><\/p>\n","protected":false},"author":2,"featured_media":18236,"comment_status":"open","ping_status":"open","sticky":false,"template":"","format":"standard","meta":{"footnotes":""},"categories":[2],"tags":[],"class_list":["post-18235","post","type-post","status-publish","format-standard","has-post-thumbnail","hentry","category-gundem"],"_links":{"self":[{"href":"https:\/\/akdenizhaber.com.tr\/index.php\/wp-json\/wp\/v2\/posts\/18235","targetHints":{"allow":["GET"]}}],"collection":[{"href":"https:\/\/akdenizhaber.com.tr\/index.php\/wp-json\/wp\/v2\/posts"}],"about":[{"href":"https:\/\/akdenizhaber.com.tr\/index.php\/wp-json\/wp\/v2\/types\/post"}],"author":[{"embeddable":true,"href":"https:\/\/akdenizhaber.com.tr\/index.php\/wp-json\/wp\/v2\/users\/2"}],"replies":[{"embeddable":true,"href":"https:\/\/akdenizhaber.com.tr\/index.php\/wp-json\/wp\/v2\/comments?post=18235"}],"version-history":[{"count":0,"href":"https:\/\/akdenizhaber.com.tr\/index.php\/wp-json\/wp\/v2\/posts\/18235\/revisions"}],"wp:featuredmedia":[{"embeddable":true,"href":"https:\/\/akdenizhaber.com.tr\/index.php\/wp-json\/wp\/v2\/media\/18236"}],"wp:attachment":[{"href":"https:\/\/akdenizhaber.com.tr\/index.php\/wp-json\/wp\/v2\/media?parent=18235"}],"wp:term":[{"taxonomy":"category","embeddable":true,"href":"https:\/\/akdenizhaber.com.tr\/index.php\/wp-json\/wp\/v2\/categories?post=18235"},{"taxonomy":"post_tag","embeddable":true,"href":"https:\/\/akdenizhaber.com.tr\/index.php\/wp-json\/wp\/v2\/tags?post=18235"}],"curies":[{"name":"wp","href":"https:\/\/api.w.org\/{rel}","templated":true}]}}