{"id":18226,"date":"2023-12-01T11:54:41","date_gmt":"2023-12-01T08:54:41","guid":{"rendered":"https:\/\/akdenizhaber.com.tr\/?p=18226"},"modified":"2023-12-01T11:54:41","modified_gmt":"2023-12-01T08:54:41","slug":"kucukbas-hayvanlara-parazit-ilaci","status":"publish","type":"post","link":"https:\/\/akdenizhaber.com.tr\/index.php\/2023\/12\/01\/kucukbas-hayvanlara-parazit-ilaci\/","title":{"rendered":"K\u00fc\u00e7\u00fckba\u015f hayvanlara parazit ilac\u0131"},"content":{"rendered":"\n<p><\/p>\n\n\n\n<p>Antalya B\u00fcy\u00fck\u015fehir Belediyesi, Korkuteli il\u00e7esi Yelten Mahallesi\u2019nde k\u00fc\u00e7\u00fckba\u015f hayvanlar i\u00e7in d\u0131\u015f parazit ila\u00e7lama uygulamas\u0131 ger\u00e7ekle\u015ftirdi.<\/p>\n\n\n\n<p>Antalya B\u00fcy\u00fck\u015fehir Belediyesi k\u0131rsal kesimde hayvanc\u0131l\u0131k ile u\u011fra\u015fan vatanda\u015flara hizmet vermeye devam ediyor. Hayvanc\u0131l\u0131\u011f\u0131 geli\u015ftirmek ve desteklemek amac\u0131yla yap\u0131lan \u00e7al\u0131\u015fmalar kapsam\u0131nda Korkuteli il\u00e7esi Yelten Mahallesi\u2019nde k\u00fc\u00e7\u00fckba\u015f hayvanlara d\u0131\u015f parazit ila\u00e7lama uygulamas\u0131 ger\u00e7ekle\u015ftirildi.<\/p>\n\n\n\n<p>ET VER\u0130M\u0130N\u0130 Y\u00dcKSELT\u0130YOR<\/p>\n\n\n\n<p>Tar\u0131msal Hizmetler Daire Ba\u015fkanl\u0131\u011f\u0131 Veteriner Teknikeri Hasan Simav \u00e7al\u0131\u015fma hakk\u0131nda \u015fu bilgileri verdi: \u201cYapm\u0131\u015f oldu\u011fumuz uygulama hayvanlar i\u00e7in olduk\u00e7a \u00f6nemli. Du\u015flama y\u00f6ntemiyle d\u0131\u015f parazit uygulamas\u0131 yap\u0131yoruz. Hayvanlar aras\u0131nda olu\u015fan bula\u015f\u0131c\u0131 hastal\u0131klar\u0131n \u00f6n\u00fcne ge\u00e7ip, et verimini y\u00fckseltmek i\u00e7in bu \u00e7al\u0131\u015fma b\u00fcy\u00fck \u00f6nem ta\u015f\u0131yor. Antalya B\u00fcy\u00fck\u015fehir Belediyesi olarak k\u0131rsal kesimlerde ya\u015fayan \u00fcreticilerin yan\u0131nda olmaya devam edece\u011fiz.\u201d<\/p>\n\n\n\n<p>\u00dcRET\u0130C\u0130 BA\u015eVURDU B\u00dcY\u00dcK\u015eEH\u0130R GELD\u0130<\/p>\n\n\n\n<p>K\u00fc\u00e7\u00fckba\u015f hayvanlar\u0131n d\u0131\u015f parazitlerinden kurtulmak i\u00e7in B\u00fcy\u00fck\u015fehir Belediyesine ba\u015fvuru yapt\u0131klar\u0131n\u0131 s\u00f6yleyen Mehmet Ali Balta \u201cBir ka\u00e7 g\u00fcn i\u00e7inde gelip hayvanlar\u0131m\u0131z\u0131 ila\u00e7lad\u0131lar. Parazitlerden kurtulan hayvanlar daha sa\u011fl\u0131kl\u0131 olurken et verimi y\u00fcksek oluyor. Ba\u015fkan\u0131m\u0131z Muhittin B\u00f6cek mahallemize her konuda destek oluyor. Ba\u015fkan\u0131m\u0131z\u0131n hizmetlerinden \u00e7ok memnunuz. \u00dcreticinin yan\u0131nda olarak desteklerini hi\u00e7 eksik etmedi\u011fi i\u00e7in te\u015fekk\u00fcr ediyorum\u201d dedi.<\/p>\n\n\n\n<p>Antalya B\u00fcy\u00fck\u015fehir Belediyesi \/ B\u00fclten<\/p>\n","protected":false},"excerpt":{"rendered":"<p>Antalya B\u00fcy\u00fck\u015fehir Belediyesi, Korkuteli il\u00e7esi Yelten Mahallesi\u2019nde k\u00fc\u00e7\u00fckba\u015f hayvanlar i\u00e7in d\u0131\u015f parazit ila\u00e7lama uygulamas\u0131 ger\u00e7ekle\u015ftirdi. Antalya B\u00fcy\u00fck\u015fehir Belediyesi k\u0131rsal kesimde hayvanc\u0131l\u0131k ile u\u011fra\u015fan vatanda\u015flara hizmet <a href=\"https:\/\/akdenizhaber.com.tr\/index.php\/2023\/12\/01\/kucukbas-hayvanlara-parazit-ilaci\/\" class=\"read-more-link\">[more&#8230;]<\/a><\/p>\n","protected":false},"author":2,"featured_media":18227,"comment_status":"open","ping_status":"open","sticky":false,"template":"","format":"standard","meta":{"footnotes":""},"categories":[2],"tags":[],"class_list":["post-18226","post","type-post","status-publish","format-standard","has-post-thumbnail","hentry","category-gundem"],"_links":{"self":[{"href":"https:\/\/akdenizhaber.com.tr\/index.php\/wp-json\/wp\/v2\/posts\/18226","targetHints":{"allow":["GET"]}}],"collection":[{"href":"https:\/\/akdenizhaber.com.tr\/index.php\/wp-json\/wp\/v2\/posts"}],"about":[{"href":"https:\/\/akdenizhaber.com.tr\/index.php\/wp-json\/wp\/v2\/types\/post"}],"author":[{"embeddable":true,"href":"https:\/\/akdenizhaber.com.tr\/index.php\/wp-json\/wp\/v2\/users\/2"}],"replies":[{"embeddable":true,"href":"https:\/\/akdenizhaber.com.tr\/index.php\/wp-json\/wp\/v2\/comments?post=18226"}],"version-history":[{"count":0,"href":"https:\/\/akdenizhaber.com.tr\/index.php\/wp-json\/wp\/v2\/posts\/18226\/revisions"}],"wp:featuredmedia":[{"embeddable":true,"href":"https:\/\/akdenizhaber.com.tr\/index.php\/wp-json\/wp\/v2\/media\/18227"}],"wp:attachment":[{"href":"https:\/\/akdenizhaber.com.tr\/index.php\/wp-json\/wp\/v2\/media?parent=18226"}],"wp:term":[{"taxonomy":"category","embeddable":true,"href":"https:\/\/akdenizhaber.com.tr\/index.php\/wp-json\/wp\/v2\/categories?post=18226"},{"taxonomy":"post_tag","embeddable":true,"href":"https:\/\/akdenizhaber.com.tr\/index.php\/wp-json\/wp\/v2\/tags?post=18226"}],"curies":[{"name":"wp","href":"https:\/\/api.w.org\/{rel}","templated":true}]}}