{"id":18220,"date":"2023-12-01T11:53:11","date_gmt":"2023-12-01T08:53:11","guid":{"rendered":"https:\/\/akdenizhaber.com.tr\/?p=18220"},"modified":"2023-12-01T11:53:12","modified_gmt":"2023-12-01T08:53:12","slug":"antalyada-yapilacak-calismalar-belirlendi","status":"publish","type":"post","link":"https:\/\/akdenizhaber.com.tr\/index.php\/2023\/12\/01\/antalyada-yapilacak-calismalar-belirlendi\/","title":{"rendered":"Antalya\u2019da yap\u0131lacak \u00e7al\u0131\u015fmalar belirlendi"},"content":{"rendered":"\n<p><\/p>\n\n\n\n<p>T\u00fcrkiye\u2019de \u00f6rne\u011fi ba\u015fka bir belediyede olmayan Antalya B\u00fcy\u00fck\u015fehir Belediyesi \u00c7evre Kurulu, kentin \u00e7evre sorunlar\u0131na \u00e7\u00f6z\u00fcm aramaya ve sunmaya devam ediyor. Konuyla ilgili kurum, kurulu\u015f ve uzmanlar\u0131 bir araya getirerek, ortak ak\u0131lla \u00e7\u00f6z\u00fcmler sunan \u00c7evre Kurulu tek kullan\u0131ml\u0131k plastikler ve bunlar\u0131n yaratt\u0131\u011f\u0131 sorunlar\u0131 masaya yat\u0131rd\u0131.<\/p>\n\n\n\n<p>Antalya B\u00fcy\u00fck\u015fehir Belediyesi \u0130klim De\u011fi\u015fikli\u011fi Dairesi Ba\u015fkanl\u0131\u011f\u0131 taraf\u0131ndan y\u00fcr\u00fct\u00fclen \u00c7evre Kurulu toplant\u0131s\u0131na B\u00fcy\u00fck\u015fehir Belediyesi Ba\u015fkan Dan\u0131\u015fman\u0131 Lokman Atasoy, \u0130klim De\u011fi\u015fikli\u011fi Daire Ba\u015fkan\u0131 Melike Kire\u00e7ciba\u015f\u0131, Akdeniz \u00dcniversitesi M\u00fchendislik Fak\u00fcltesi \u00c7evre M\u00fchendisli\u011fi B\u00f6l\u00fcm\u00fc Prof. Dr. N. Altunay Perendeci, Su \u00dcr\u00fcnleri Temel Bilimleri B\u00f6l\u00fcm\u00fc Do\u00e7. Dr. Olga\u00e7 G\u00fcven, Antalya Ticaret ve Sanayi Odas\u0131 (ATSO) Komite Ba\u015fkan Yard\u0131mc\u0131s\u0131 Ayd\u0131n B\u00fclb\u00fcl ve \u00e7e\u015fitli kurumlardan temsilciler kat\u0131ld\u0131. \u0130ki oturumda ger\u00e7ekle\u015ftirilen \u00c7evre Kurulu Toplant\u0131s\u0131\u2019nda konusunda uzman birbirinden de\u011ferli isimler g\u00f6r\u00fc\u015flerini payla\u015ft\u0131.<\/p>\n\n\n\n<p>\u00c7ALI\u015eMALAR TEM\u0130ZL\u0130\u011e\u0130 SA\u011eLAYACAK<\/p>\n\n\n\n<p>Ba\u015fkan Dan\u0131\u015fman\u0131 Lokman Atasoy, toplant\u0131da \u00e7evre dostu \u00e7al\u0131\u015fmalar\u0131n planland\u0131\u011f\u0131n\u0131 belirtti. Atasoy, toplant\u0131n\u0131n \u00e7evreye y\u00f6nelik yap\u0131lan \u00f6nemli bir ad\u0131m oldu\u011funu ifade ederek, gelecekte de benzer \u00e7al\u0131\u015fmalar\u0131n devam edece\u011fini vurgulad\u0131. \u00c7evre Kurulu&#8217;nun, temizlik ve \u00e7evre d\u00fczenlemesi konular\u0131nda \u00f6nemli bir rol oynayarak \u015fehrin ya\u015fanabilirli\u011fini art\u0131raca\u011f\u0131n\u0131 dile getiren Atasoy, halk\u0131n da bu konudaki duyarl\u0131l\u0131\u011f\u0131n\u0131n \u00f6nemine vurgu yapt\u0131.<\/p>\n\n\n\n<p>KORKUN\u00c7 TABLOYU G\u00d6ZLER \u00d6N\u00dcNE SERD\u0130<\/p>\n\n\n\n<p>\u00c7evre Kurulu\u2019nun ilk oturumuna kat\u0131lan \u00c7ukurova \u00dcniversitesi Su \u00dcr\u00fcnleri Fak\u00fcltesi \u00d6\u011fretim \u00dcyesi Do\u00e7 Dr. Sedat G\u00fcndo\u011fdu plastik kirlili\u011finin yaratt\u0131\u011f\u0131 korkun\u00e7 tabloyu g\u00f6zler \u00f6n\u00fcne serdi. D\u00fcnyada plastik kullan\u0131m\u0131yla ilgili al\u0131nan \u00f6nlemlerle ilgili konu\u015fan G\u00fcndo\u011fdu, Avrupa Birli\u011fi\u2019nin tek kullan\u0131ml\u0131k \u00fcr\u00fcnleri yasaklad\u0131\u011f\u0131n\u0131, ambalaj kullan\u0131m\u0131na ise s\u0131n\u0131rlama getirdi\u011fini s\u00f6yledi.<\/p>\n\n\n\n<p>15 M\u0130LYON TON PLAST\u0130K \u00dcRET\u0130L\u0130YOR<\/p>\n\n\n\n<p>Toplant\u0131n\u0131n 2. Oturumunda ise ATSO 18. Grup Plastik, Kau\u00e7uk ve Al\u00fcminyum \u00dcr\u00fcnleri Komite Ba\u015fkan Yard\u0131mc\u0131s\u0131 Ayd\u0131n B\u00fclb\u00fcl, \u00fclkemizde y\u0131lda 15 milyon ton plastik \u00fcretildi\u011fini ve bu rakama son 8 y\u0131lda ula\u015f\u0131ld\u0131\u011f\u0131na dikkati \u00e7ekti.<\/p>\n\n\n\n<p>S\u00dcRD\u00dcR\u00dcLEB\u0130L\u0130R \u00c7\u00d6Z\u00dcMLERE ODAKLANMALIYIZ<\/p>\n\n\n\n<p>Akdeniz \u00dcniversitesi Su \u00dcr\u00fcnleri Temel Bilimleri B\u00f6l\u00fcm\u00fc Do\u00e7. Dr. Olga\u00e7 G\u00fcven Antalya ve \u00e7evresinde mikroplastik kirlili\u011fi konusunda y\u00fcr\u00fct\u00fclen bilimsel \u00e7al\u0131\u015fmalar\u0131n, bu sorunla ba\u015fa \u00e7\u0131kabilmek i\u00e7in at\u0131lacak ad\u0131mlar\u0131 belirlemede rehberlik edece\u011fini s\u00f6yledi. G\u00fcven, sorunun \u00e7\u00f6z\u00fcm\u00fc i\u00e7in sadece bilimsel \u00e7abalar\u0131n yeterli olmad\u0131\u011f\u0131n\u0131 toplum olarak da sorumluluk al\u0131nmas\u0131 gerekti\u011fini ifade etti.<\/p>\n\n\n\n<p><a><\/a>Akdeniz \u00dcniversitesi M\u00fchendislik Fak\u00fcltesi \u00c7evre M\u00fchendisli\u011fi B\u00f6l\u00fcm\u00fc Prof. Dr. Nuriye&nbsp; Altunay Perendeci de \u201cLara ve Akseki At\u0131ksu Ar\u0131tma Tesisleri ar\u0131tma \u00e7amurlar\u0131nda mikroplastik var&nbsp; m\u0131?\u201d sunumu ger\u00e7ekle\u015ftirdi. Toplant\u0131 sonunda ise g\u00f6r\u00fc\u015f ve \u00f6neriler masaya yat\u0131r\u0131larak neler yap\u0131lmas\u0131, hangi \u00f6nlemlerin al\u0131nmas\u0131 sonucunda toprak ve suda mikroplastik miktar\u0131n\u0131n azalt\u0131labilece\u011fi ele al\u0131nd\u0131.<\/p>\n\n\n\n<p>Antalya B\u00fcy\u00fck\u015fehir Belediyesi \/ B\u00fclten<\/p>\n","protected":false},"excerpt":{"rendered":"<p>T\u00fcrkiye\u2019de \u00f6rne\u011fi ba\u015fka bir belediyede olmayan Antalya B\u00fcy\u00fck\u015fehir Belediyesi \u00c7evre Kurulu, kentin \u00e7evre sorunlar\u0131na \u00e7\u00f6z\u00fcm aramaya ve sunmaya devam ediyor. Konuyla ilgili kurum, kurulu\u015f ve <a href=\"https:\/\/akdenizhaber.com.tr\/index.php\/2023\/12\/01\/antalyada-yapilacak-calismalar-belirlendi\/\" class=\"read-more-link\">[more&#8230;]<\/a><\/p>\n","protected":false},"author":2,"featured_media":18221,"comment_status":"open","ping_status":"open","sticky":false,"template":"","format":"standard","meta":{"footnotes":""},"categories":[2],"tags":[],"class_list":["post-18220","post","type-post","status-publish","format-standard","has-post-thumbnail","hentry","category-gundem"],"_links":{"self":[{"href":"https:\/\/akdenizhaber.com.tr\/index.php\/wp-json\/wp\/v2\/posts\/18220","targetHints":{"allow":["GET"]}}],"collection":[{"href":"https:\/\/akdenizhaber.com.tr\/index.php\/wp-json\/wp\/v2\/posts"}],"about":[{"href":"https:\/\/akdenizhaber.com.tr\/index.php\/wp-json\/wp\/v2\/types\/post"}],"author":[{"embeddable":true,"href":"https:\/\/akdenizhaber.com.tr\/index.php\/wp-json\/wp\/v2\/users\/2"}],"replies":[{"embeddable":true,"href":"https:\/\/akdenizhaber.com.tr\/index.php\/wp-json\/wp\/v2\/comments?post=18220"}],"version-history":[{"count":0,"href":"https:\/\/akdenizhaber.com.tr\/index.php\/wp-json\/wp\/v2\/posts\/18220\/revisions"}],"wp:featuredmedia":[{"embeddable":true,"href":"https:\/\/akdenizhaber.com.tr\/index.php\/wp-json\/wp\/v2\/media\/18221"}],"wp:attachment":[{"href":"https:\/\/akdenizhaber.com.tr\/index.php\/wp-json\/wp\/v2\/media?parent=18220"}],"wp:term":[{"taxonomy":"category","embeddable":true,"href":"https:\/\/akdenizhaber.com.tr\/index.php\/wp-json\/wp\/v2\/categories?post=18220"},{"taxonomy":"post_tag","embeddable":true,"href":"https:\/\/akdenizhaber.com.tr\/index.php\/wp-json\/wp\/v2\/tags?post=18220"}],"curies":[{"name":"wp","href":"https:\/\/api.w.org\/{rel}","templated":true}]}}