{"id":18214,"date":"2023-11-30T13:36:25","date_gmt":"2023-11-30T10:36:25","guid":{"rendered":"https:\/\/akdenizhaber.com.tr\/?p=18214"},"modified":"2023-11-30T13:36:26","modified_gmt":"2023-11-30T10:36:26","slug":"iyi-parti-milletvekili-aykut-kaya-adalet-erisimi-sorunlarina-cozum-bulunmali","status":"publish","type":"post","link":"https:\/\/akdenizhaber.com.tr\/index.php\/2023\/11\/30\/iyi-parti-milletvekili-aykut-kaya-adalet-erisimi-sorunlarina-cozum-bulunmali\/","title":{"rendered":"\u0130Y\u0130 Parti Milletvekili Aykut Kaya:\u00a0                               \u201cAdalet Eri\u015fimi Sorunlar\u0131na \u00e7\u00f6z\u00fcm bulunmal\u0131\u201d"},"content":{"rendered":"\n<p><\/p>\n\n\n\n<p><\/p>\n\n\n\n<p>\u0130Y\u0130 Parti Antalya Milletvekili Aykut Kaya, TBMM Genel Kurulu&#8217;nda yapt\u0131\u011f\u0131 konu\u015fmas\u0131nda,&nbsp; \u201cAntalya&#8217;n\u0131n do\u011fusunda bulunan il\u00e7elerimizde ya\u015fayan vatanda\u015flar\u0131m\u0131z ticari davalar\u0131n\u0131 Alanya il\u00e7emizde, bat\u0131 taraf\u0131ndaki vatanda\u015flar\u0131m\u0131z ise Antalya merkezde a\u00e7mak zorundalar. Vatanda\u015flar\u0131m\u0131z dava a\u00e7mak i\u00e7in yol ve masraf yapma mecburiyetinde b\u0131rak\u0131lmamal\u0131d\u0131r ve yarg\u0131 hizmeti yerinde verilmelidir.<\/p>\n\n\n\n<p>Antalya&#8217;m\u0131zda b\u00f6lge idare mahkemesi bulunmamaktad\u0131r, idari davalar\u0131n itiraz mercisi Konya B\u00f6lge \u0130dare Mahkemesidir. \u015eu anda Antalya&#8217;da b\u00f6lge adliye mahkemesi var iken b\u00f6lge idare mahkemesinin eksikli\u011fi b\u00fcy\u00fck bir sorundur.<\/p>\n\n\n\n<p>Hem merkez hem de il\u00e7e adliyeleri fiziken yetersizdir. Bu nedenle eski adliyelerin yenilenmesi ve ilave adliye binalar\u0131 yap\u0131lmas\u0131 gerekmektedir.<\/p>\n\n\n\n<p>Adliye \u00e7evresinde bulunan arzuh\u00e2lcilerin hatal\u0131 dilek\u00e7eleri ve yanl\u0131\u015f bilgileri nedeniyle vatanda\u015flar\u0131m\u0131z usul\u00fc hatalarla hak kayb\u0131na u\u011framaktad\u0131r. Bu sebeple, adliye yan\u0131ndaki arzuh\u00e2lciler engellenmeli, vatanda\u015flar\u0131n zarar g\u00f6rmemesi i\u00e7in haklar\u0131 avukatla savunmaya y\u00f6nlendirilmelidir.\u201d ifadelerine yer verdi.&nbsp; \u0130Y\u0130 Partili Kaya, Antalya&#8217;da adalet eri\u015fimi sorunlar\u0131na \u00e7\u00f6z\u00fcm \u00e7a\u011fr\u0131s\u0131 yapt\u0131.<\/p>\n\n\n\n<p>(Haber Merkezi)<\/p>\n","protected":false},"excerpt":{"rendered":"<p>\u0130Y\u0130 Parti Antalya Milletvekili Aykut Kaya, TBMM Genel Kurulu&#8217;nda yapt\u0131\u011f\u0131 konu\u015fmas\u0131nda,&nbsp; \u201cAntalya&#8217;n\u0131n do\u011fusunda bulunan il\u00e7elerimizde ya\u015fayan vatanda\u015flar\u0131m\u0131z ticari davalar\u0131n\u0131 Alanya il\u00e7emizde, bat\u0131 taraf\u0131ndaki vatanda\u015flar\u0131m\u0131z ise <a href=\"https:\/\/akdenizhaber.com.tr\/index.php\/2023\/11\/30\/iyi-parti-milletvekili-aykut-kaya-adalet-erisimi-sorunlarina-cozum-bulunmali\/\" class=\"read-more-link\">[more&#8230;]<\/a><\/p>\n","protected":false},"author":2,"featured_media":18066,"comment_status":"open","ping_status":"open","sticky":false,"template":"","format":"standard","meta":{"footnotes":""},"categories":[2],"tags":[],"class_list":["post-18214","post","type-post","status-publish","format-standard","has-post-thumbnail","hentry","category-gundem"],"_links":{"self":[{"href":"https:\/\/akdenizhaber.com.tr\/index.php\/wp-json\/wp\/v2\/posts\/18214","targetHints":{"allow":["GET"]}}],"collection":[{"href":"https:\/\/akdenizhaber.com.tr\/index.php\/wp-json\/wp\/v2\/posts"}],"about":[{"href":"https:\/\/akdenizhaber.com.tr\/index.php\/wp-json\/wp\/v2\/types\/post"}],"author":[{"embeddable":true,"href":"https:\/\/akdenizhaber.com.tr\/index.php\/wp-json\/wp\/v2\/users\/2"}],"replies":[{"embeddable":true,"href":"https:\/\/akdenizhaber.com.tr\/index.php\/wp-json\/wp\/v2\/comments?post=18214"}],"version-history":[{"count":0,"href":"https:\/\/akdenizhaber.com.tr\/index.php\/wp-json\/wp\/v2\/posts\/18214\/revisions"}],"wp:featuredmedia":[{"embeddable":true,"href":"https:\/\/akdenizhaber.com.tr\/index.php\/wp-json\/wp\/v2\/media\/18066"}],"wp:attachment":[{"href":"https:\/\/akdenizhaber.com.tr\/index.php\/wp-json\/wp\/v2\/media?parent=18214"}],"wp:term":[{"taxonomy":"category","embeddable":true,"href":"https:\/\/akdenizhaber.com.tr\/index.php\/wp-json\/wp\/v2\/categories?post=18214"},{"taxonomy":"post_tag","embeddable":true,"href":"https:\/\/akdenizhaber.com.tr\/index.php\/wp-json\/wp\/v2\/tags?post=18214"}],"curies":[{"name":"wp","href":"https:\/\/api.w.org\/{rel}","templated":true}]}}