{"id":18211,"date":"2023-11-30T13:35:31","date_gmt":"2023-11-30T10:35:31","guid":{"rendered":"https:\/\/akdenizhaber.com.tr\/?p=18211"},"modified":"2023-11-30T13:35:54","modified_gmt":"2023-11-30T10:35:54","slug":"yerel-secimlerde-adaylik-icin-istifalarda-sure-bugun-bitiyor","status":"publish","type":"post","link":"https:\/\/akdenizhaber.com.tr\/index.php\/2023\/11\/30\/yerel-secimlerde-adaylik-icin-istifalarda-sure-bugun-bitiyor\/","title":{"rendered":"Yerel se\u00e7imlerde adayl\u0131k i\u00e7in istifalarda s\u00fcre bug\u00fcn bitiyor"},"content":{"rendered":"\n<p><\/p>\n\n\n\n<p>Milletvekilleri, belediye ba\u015fkanlar\u0131, il genel meclisi ve belediye meclisi \u00fcyeleri ile muhtarlar, g\u00f6revlerinden istifa etmeden aday olabilecek.<\/p>\n\n\n\n<p>Kamu g\u00f6revlilerinin, 31 Mart 2024 tarihinde yap\u0131lacak Mahalli \u0130dareler Se\u00e7imleri&#8217;nde aday olabilmeleri i\u00e7in bug\u00fcn saat 17.00&#8217;ye kadar g\u00f6revlerinden ayr\u0131lma iste\u011finde bulunmalar\u0131 gerekiyor. Milletvekilleri, belediye ba\u015fkanlar\u0131, il genel meclisi ve belediye meclisi \u00fcyeleri ile muhtarlar, g\u00f6revlerinden istifa etmeden aday olabilecek.<\/p>\n\n\n\n<p>Y\u00fcksek Se\u00e7im Kurulunun (YSK), 27 Ekim&#8217;deki Resmi Gazete&#8217;de yay\u0131mlanan karar\u0131nda, 31 Mart 2024 Pazar g\u00fcn\u00fc yap\u0131lacak se\u00e7imin ba\u015flang\u0131\u00e7 tarihinin 1 Ocak 2024 oldu\u011fu ve aday olmak isteyenlerin 1 Aral\u0131k saat 17.00&#8217;ye kadar g\u00f6revden ayr\u0131lmalar\u0131 gerekti\u011fi belirlendi.<\/p>\n\n\n\n<p>Bu kapsamda, kamu g\u00f6revlileri, yarg\u0131 mensuplar\u0131, siyasi parti il ve il\u00e7e y\u00f6neticileri, T\u00fcrk Silahl\u0131 Kuvvetleri (TSK) mensuplar\u0131 ile kamu kurumu niteli\u011findeki meslek kurulu\u015flar\u0131, sendikalar, kamu bankalar\u0131, \u00fcst birliklerin ve bunlar\u0131n \u00fcst kurulu\u015flar\u0131n\u0131n, kat\u0131ld\u0131klar\u0131 te\u015febb\u00fcs veya ortakl\u0131klar\u0131n y\u00f6netim ve denetim kurullar\u0131nda g\u00f6rev alanlar\u0131n bug\u00fcn mesai bitimine kadar g\u00f6revlerinden ayr\u0131lmalar\u0131 gerekiyor.<\/p>\n\n\n\n<p>(Haber Merkezi)<\/p>\n","protected":false},"excerpt":{"rendered":"<p>Milletvekilleri, belediye ba\u015fkanlar\u0131, il genel meclisi ve belediye meclisi \u00fcyeleri ile muhtarlar, g\u00f6revlerinden istifa etmeden aday olabilecek. Kamu g\u00f6revlilerinin, 31 Mart 2024 tarihinde yap\u0131lacak Mahalli <a href=\"https:\/\/akdenizhaber.com.tr\/index.php\/2023\/11\/30\/yerel-secimlerde-adaylik-icin-istifalarda-sure-bugun-bitiyor\/\" class=\"read-more-link\">[more&#8230;]<\/a><\/p>\n","protected":false},"author":2,"featured_media":18213,"comment_status":"open","ping_status":"open","sticky":false,"template":"","format":"standard","meta":{"footnotes":""},"categories":[2],"tags":[],"class_list":["post-18211","post","type-post","status-publish","format-standard","has-post-thumbnail","hentry","category-gundem"],"_links":{"self":[{"href":"https:\/\/akdenizhaber.com.tr\/index.php\/wp-json\/wp\/v2\/posts\/18211","targetHints":{"allow":["GET"]}}],"collection":[{"href":"https:\/\/akdenizhaber.com.tr\/index.php\/wp-json\/wp\/v2\/posts"}],"about":[{"href":"https:\/\/akdenizhaber.com.tr\/index.php\/wp-json\/wp\/v2\/types\/post"}],"author":[{"embeddable":true,"href":"https:\/\/akdenizhaber.com.tr\/index.php\/wp-json\/wp\/v2\/users\/2"}],"replies":[{"embeddable":true,"href":"https:\/\/akdenizhaber.com.tr\/index.php\/wp-json\/wp\/v2\/comments?post=18211"}],"version-history":[{"count":0,"href":"https:\/\/akdenizhaber.com.tr\/index.php\/wp-json\/wp\/v2\/posts\/18211\/revisions"}],"wp:featuredmedia":[{"embeddable":true,"href":"https:\/\/akdenizhaber.com.tr\/index.php\/wp-json\/wp\/v2\/media\/18213"}],"wp:attachment":[{"href":"https:\/\/akdenizhaber.com.tr\/index.php\/wp-json\/wp\/v2\/media?parent=18211"}],"wp:term":[{"taxonomy":"category","embeddable":true,"href":"https:\/\/akdenizhaber.com.tr\/index.php\/wp-json\/wp\/v2\/categories?post=18211"},{"taxonomy":"post_tag","embeddable":true,"href":"https:\/\/akdenizhaber.com.tr\/index.php\/wp-json\/wp\/v2\/tags?post=18211"}],"curies":[{"name":"wp","href":"https:\/\/api.w.org\/{rel}","templated":true}]}}