{"id":18193,"date":"2023-11-30T13:30:04","date_gmt":"2023-11-30T10:30:04","guid":{"rendered":"https:\/\/akdenizhaber.com.tr\/?p=18193"},"modified":"2023-11-30T13:30:05","modified_gmt":"2023-11-30T10:30:05","slug":"atiklardan-briket-ile-bu-kis-rahat-nefes-alacaklar","status":"publish","type":"post","link":"https:\/\/akdenizhaber.com.tr\/index.php\/2023\/11\/30\/atiklardan-briket-ile-bu-kis-rahat-nefes-alacaklar\/","title":{"rendered":"At\u0131klardan briket ile bu k\u0131\u015f rahat nefes alacaklar"},"content":{"rendered":"\n<p><\/p>\n\n\n\n<p>Konyaalt\u0131 Belediyesi parklardan ve yol kenarlar\u0131ndan toplad\u0131\u011f\u0131 bitki at\u0131klar\u0131n\u0131 \u00fcretim tesisinde bio briket yak\u0131t\u0131na d\u00f6n\u00fc\u015ft\u00fcrerek, il\u00e7e genelinde vatanda\u015flara ve serada yakmalar\u0131 i\u00e7in \u00e7ift\u00e7ilere da\u011f\u0131t\u0131yor.<\/p>\n\n\n\n<p>Konyaalt\u0131 Belediyesi, il\u00e7enin d\u00f6rt bir yan\u0131ndan toplad\u0131\u011f\u0131 bitki ve a\u011fa\u00e7 at\u0131klar\u0131ndan bio briket ad\u0131 verilen bir t\u00fcr yak\u0131t elde ediyor. \u0130klim De\u011fi\u015fikli\u011fi ve S\u0131f\u0131r At\u0131k M\u00fcd\u00fcrl\u00fc\u011f\u00fc b\u00fcnyesinde kurulan \u00fcretim at\u00f6lyesinde i\u015flenerek elde edilen bio briketler ihtiya\u00e7 sahibi vatanda\u015flara ve seralarda yak\u0131lmak \u00fczere \u00e7ift\u00e7ilere ula\u015ft\u0131r\u0131l\u0131yor. Belediye ekipleri taraf\u0131ndan toplanan at\u0131klar, \u00f6ncelikle kurumas\u0131 i\u00e7in bir s\u00fcre bekletiliyor. Kuruma i\u015flemi sonras\u0131nda \u0131s\u0131 de\u011ferine g\u00f6re ayr\u0131\u015ft\u0131r\u0131lan at\u0131klar, \u00fcretim at\u00f6lyesinde yer alan tesiste \u00f6\u011f\u00fctme ve s\u0131k\u0131\u015ft\u0131rma i\u015fleminden ge\u00e7irilerek sobalarda yakacak olarak kullan\u0131ma haz\u0131r hale getiriliyor. \u00dcretim \u015fantiyesi i\u00e7erisinde yer alan depoda muhafaza edilen bio briketler, gelen taleplere g\u00f6re il\u00e7e genelindeki ihtiya\u00e7 sahibi vatanda\u015flara ve \u00e7ift\u00e7ilere da\u011f\u0131t\u0131l\u0131yor.<\/p>\n\n\n\n<p><br>B\u0130O BR\u0130KET KAL\u0130TEL\u0130 B\u0130R YAKACAK<\/p>\n\n\n\n<p>Konyaalt\u0131 Belediye Ba\u015fkan\u0131 Semih Esen, il\u00e7e genelinden toplanan bitki at\u0131klar\u0131n\u0131n \u0131s\u0131 derecesine g\u00f6re ayr\u0131\u015ft\u0131r\u0131larak kaliteli bir yakacak t\u00fcr\u00fc olan bio briket haline getirildi\u011fini, bu sayede de at\u0131klar\u0131 yeniden de\u011ferlendirdiklerini s\u00f6yledi. At\u0131klardan olu\u015fturulan bio briketleri talepte bulunan ihtiya\u00e7 sahiplerine ve \u00e7ift\u00e7ilere \u00fccretsiz olarak ula\u015ft\u0131rd\u0131klar\u0131n\u0131 belirten Esen, \u201cBu sayede hem at\u0131klar\u0131 geri d\u00f6n\u00fc\u015ft\u00fcrerek \u00e7evremizi koruyoruz, hem de olu\u015fturdu\u011fumuz yak\u0131t\u0131m\u0131zla vatanda\u015flar\u0131m\u0131z\u0131n k\u0131\u015f aylar\u0131n\u0131 rahat ge\u00e7irebilmelerine katk\u0131da bulunuyoruz\u201d dedi.<\/p>\n\n\n\n<p>\u00dcCRETS\u0130Z OLMASI B\u00dcY\u00dcK AVANTAJ<\/p>\n\n\n\n<p>Hac\u0131sekiler Mahallesi\u2019nde serac\u0131l\u0131k i\u015fiyle u\u011fra\u015fan R\u0131fat Ir\u0131z, Konyaalt\u0131 Belediyesi\u2019nin sa\u011flad\u0131\u011f\u0131 yakacak deste\u011finden \u00e7ok memnun oldu\u011funu ifade etti. 1976 y\u0131l\u0131ndan bu yana \u00e7ift\u00e7ilik yapt\u0131\u011f\u0131n\u0131 ve o g\u00fcnden bu yana so\u011fuk k\u0131\u015f g\u00fcnlerinde seralarda bitkilerini \u0131s\u0131tmak zorunda olduklar\u0131n\u0131 s\u00f6yleyen Ir\u0131z, \u201cBitkilerimizi so\u011fuktan koruyabilmek i\u00e7in sobalarda odun ve k\u00f6m\u00fcr yakmak zorunda kal\u0131yoruz. Odun ve k\u00f6m\u00fcr hem zahmetli, hem de pahal\u0131 yakacaklar. Bu y\u0131l belediyemizden bio briket talep ettik. Sa\u011f olsunlar, hemen getirdiler. \u00dccretsiz olmas\u0131 bizim i\u00e7in \u00e7ok b\u00fcy\u00fck bir avantaj. Belediyemize \u00e7ok te\u015fekk\u00fcr ediyoruz\u2019\u2019 diye konu\u015ftu.<\/p>\n\n\n\n<p>Konyaalt\u0131 Belediyesi \/ B\u00fclten<\/p>\n","protected":false},"excerpt":{"rendered":"<p>Konyaalt\u0131 Belediyesi parklardan ve yol kenarlar\u0131ndan toplad\u0131\u011f\u0131 bitki at\u0131klar\u0131n\u0131 \u00fcretim tesisinde bio briket yak\u0131t\u0131na d\u00f6n\u00fc\u015ft\u00fcrerek, il\u00e7e genelinde vatanda\u015flara ve serada yakmalar\u0131 i\u00e7in \u00e7ift\u00e7ilere da\u011f\u0131t\u0131yor. Konyaalt\u0131 <a href=\"https:\/\/akdenizhaber.com.tr\/index.php\/2023\/11\/30\/atiklardan-briket-ile-bu-kis-rahat-nefes-alacaklar\/\" class=\"read-more-link\">[more&#8230;]<\/a><\/p>\n","protected":false},"author":2,"featured_media":18194,"comment_status":"open","ping_status":"open","sticky":false,"template":"","format":"standard","meta":{"footnotes":""},"categories":[2],"tags":[],"class_list":["post-18193","post","type-post","status-publish","format-standard","has-post-thumbnail","hentry","category-gundem"],"_links":{"self":[{"href":"https:\/\/akdenizhaber.com.tr\/index.php\/wp-json\/wp\/v2\/posts\/18193","targetHints":{"allow":["GET"]}}],"collection":[{"href":"https:\/\/akdenizhaber.com.tr\/index.php\/wp-json\/wp\/v2\/posts"}],"about":[{"href":"https:\/\/akdenizhaber.com.tr\/index.php\/wp-json\/wp\/v2\/types\/post"}],"author":[{"embeddable":true,"href":"https:\/\/akdenizhaber.com.tr\/index.php\/wp-json\/wp\/v2\/users\/2"}],"replies":[{"embeddable":true,"href":"https:\/\/akdenizhaber.com.tr\/index.php\/wp-json\/wp\/v2\/comments?post=18193"}],"version-history":[{"count":0,"href":"https:\/\/akdenizhaber.com.tr\/index.php\/wp-json\/wp\/v2\/posts\/18193\/revisions"}],"wp:featuredmedia":[{"embeddable":true,"href":"https:\/\/akdenizhaber.com.tr\/index.php\/wp-json\/wp\/v2\/media\/18194"}],"wp:attachment":[{"href":"https:\/\/akdenizhaber.com.tr\/index.php\/wp-json\/wp\/v2\/media?parent=18193"}],"wp:term":[{"taxonomy":"category","embeddable":true,"href":"https:\/\/akdenizhaber.com.tr\/index.php\/wp-json\/wp\/v2\/categories?post=18193"},{"taxonomy":"post_tag","embeddable":true,"href":"https:\/\/akdenizhaber.com.tr\/index.php\/wp-json\/wp\/v2\/tags?post=18193"}],"curies":[{"name":"wp","href":"https:\/\/api.w.org\/{rel}","templated":true}]}}