{"id":18190,"date":"2023-11-30T13:29:30","date_gmt":"2023-11-30T10:29:30","guid":{"rendered":"https:\/\/akdenizhaber.com.tr\/?p=18190"},"modified":"2023-11-30T13:29:31","modified_gmt":"2023-11-30T10:29:31","slug":"vali-sahinden-kitap-fuarina-ziyaret","status":"publish","type":"post","link":"https:\/\/akdenizhaber.com.tr\/index.php\/2023\/11\/30\/vali-sahinden-kitap-fuarina-ziyaret\/","title":{"rendered":"Vali \u015eahin\u2019den Kitap Fuar\u0131na Ziyaret"},"content":{"rendered":"\n<p><\/p>\n\n\n\n<p>Antalya B\u00fcy\u00fck\u015fehir Belediyesi ev sahipli\u011finde bu y\u0131l 13\u2019\u00fcnc\u00fcs\u00fc ger\u00e7ekle\u015ftirilen Antalya Kitap Fuar\u0131, vatanda\u015flar\u0131n yo\u011fun ilgisiyle s\u00fcr\u00fcyor. Antalya Valisi Hulusi \u015eahinde B\u00fcy\u00fck\u015fehir Belediye Ba\u015fkan\u0131 Muhittin B\u00f6cek ile birlikte Antalya Kitap Fuar\u0131\u2019n\u0131 ziyaret ederek, kitapseverler ile bir araya geldi.<\/p>\n\n\n\n<p>Antalya B\u00fcy\u00fck\u015fehir Belediyesi ev sahipli\u011finde Cam Piramit Fuar ve Kongre Merkezi\u2019nde ger\u00e7ekle\u015ftirilen13\u2019\u00fcnc\u00fc Antalya Kitap Fuar\u0131, ziyaret\u00e7ilerini a\u011f\u0131rlamay\u0131 s\u00fcrd\u00fcr\u00fcyor. Kitapseverler fuar\u0131 gezerek, yazarlar ile tan\u0131\u015fma f\u0131rsat\u0131 buluyor ve bol bol kitap al\u0131yor. Fuar alan\u0131 zaman zaman \u00f6\u011frenci sesleriyle yank\u0131lan\u0131yor. \u00d6\u011frenciler sevdikleri yazarlar\u0131n kitaplar\u0131n\u0131 alarak, keyifli dakikalar ge\u00e7iriyor.<\/p>\n\n\n\n<p>BA\u015eKAN B\u00d6CEK VAL\u0130 \u015eAH\u0130N\u2019E K\u0130TABINI \u0130MZALADI<\/p>\n\n\n\n<p>Antalya Kitap Fuar\u0131\u2019n\u0131 Antalya Valisi Hulusi \u015eahin ve e\u015fi Ebru \u015eahinziyaret etti. B\u00fcy\u00fck\u015fehir Belediye Ba\u015fkan\u0131 Muhittin B\u00f6cek de Vali \u015eahin\u2019in ziyaretine e\u015flik ederek, fuar alan\u0131n\u0131 gezdi.Ba\u015fkan B\u00f6cek ve Vali \u015eahin, stantlar\u0131 gezerek, kitapseverler ile sohbet etti.Ba\u015fkan Muhittin B\u00f6cek, Vali Hulusi \u015eahin\u2019e kendi kaleme ald\u0131\u011f\u0131 \u2018Ben Bu \u015eehre A\u015f\u0131\u011f\u0131m\u2019 ve \u2018\u0130kinci Ya\u015fam Siyaset ve \u0130hanet\u2019 kitaplar\u0131n\u0131 hediye etti.<\/p>\n\n\n\n<p>K\u0130TAP FUARI ANTALYA\u2019DA K\u00d6KLE\u015eM\u0130\u015e<\/p>\n\n\n\n<p>Kitap fuarlar\u0131n\u0131 \u00e7ok sevdi\u011fini s\u00f6yleyen Antalya Valisi Hulusi \u015eahin, kitap fuarlar\u0131n\u0131 ziyaret ederken \u015fekerci d\u00fckkan\u0131na giren bir \u00e7ocuk gibi mutlu oldu\u011funu ifade etti. Ba\u015fkan Muhittin B\u00f6cek\u2019e Antalya\u2019ya kazand\u0131rd\u0131\u011f\u0131 kitap fuar\u0131 i\u00e7in te\u015fekk\u00fcr eden Vali \u015eahin, \u201cMuhittin Ba\u015fkan yazar s\u0131fat\u0131yla kitab\u0131n\u0131 imzalay\u0131p takdim etti. En k\u0131sa zamanda okuyaca\u011f\u0131m. Kitap fuar\u0131 Antalya\u2019da zaten k\u00f6kle\u015fmi\u015f. Okurlar fuar\u0131 bekliyor ve okur-yazar bulu\u015fmalar\u0131 oluyor. \u015eu anda \u00e7ok iyi bir \u015fekilde gidiyor. Fuara kat\u0131lan yay\u0131nevleri, yazarlar ve eme\u011fi ge\u00e7en t\u00fcm ekibe te\u015fekk\u00fcr ederim\u201d dedi.<\/p>\n\n\n\n<p>VAL\u0130 \u015eAH\u0130N\u2019E TE\u015eEKK\u00dcR ETT\u0130<\/p>\n\n\n\n<p>Ba\u015fkan Muhittin B\u00f6cek de Vali Hulusi \u015eahin\u2019e ziyareti i\u00e7in te\u015fekk\u00fcr ederek, \u201cSay\u0131n Valimiz ve k\u0131ymetli e\u015flerine etkinli\u011fimizi onurland\u0131rd\u0131klar\u0131 i\u00e7in okurlar\u0131m\u0131z ad\u0131na te\u015fekk\u00fcr ediyorum. Milli E\u011fitim M\u00fcd\u00fcrl\u00fc\u011f\u00fcm\u00fcz ile yapt\u0131\u011f\u0131m\u0131z i\u015fbirli\u011fi i\u00e7erisinde okullar\u0131m\u0131z\u0131n fuara getirilmesi noktas\u0131nda verdi\u011fi destekten dolay\u0131 Valimiz Hulusi \u015eahin\u2019e te\u015fekk\u00fcr ederim\u201d diye konu\u015ftu.<\/p>\n\n\n\n<p>YAZARLAR K\u0130TAPLARINI \u0130MZALIYOR<\/p>\n\n\n\n<p>Ba\u015fkan Muhittin B\u00f6cek, daha sonra okurlar\u0131na kitaplar\u0131n\u0131 imzalayarak sohbet etti. 13\u2019\u00fcnc\u00fc Antalya Kitap Fuar\u0131\u2019n\u0131n be\u015finci g\u00fcn\u00fcnde yazarlar Ay\u015fenur Arves A\u011f\u0131rman, G\u00fcner Din\u00e7aslan, Musa F\u0131rat, \u015eahsene Cam\u0131z ve Zehra \u00dcn\u00fcver okurlar\u0131na kitaplar\u0131n\u0131 imzalad\u0131.<\/p>\n\n\n\n<p>Antalya B\u00fcy\u00fck\u015fehir Belediyesi \/ B\u00fclten<\/p>\n","protected":false},"excerpt":{"rendered":"<p>Antalya B\u00fcy\u00fck\u015fehir Belediyesi ev sahipli\u011finde bu y\u0131l 13\u2019\u00fcnc\u00fcs\u00fc ger\u00e7ekle\u015ftirilen Antalya Kitap Fuar\u0131, vatanda\u015flar\u0131n yo\u011fun ilgisiyle s\u00fcr\u00fcyor. Antalya Valisi Hulusi \u015eahinde B\u00fcy\u00fck\u015fehir Belediye Ba\u015fkan\u0131 Muhittin B\u00f6cek <a href=\"https:\/\/akdenizhaber.com.tr\/index.php\/2023\/11\/30\/vali-sahinden-kitap-fuarina-ziyaret\/\" class=\"read-more-link\">[more&#8230;]<\/a><\/p>\n","protected":false},"author":2,"featured_media":18191,"comment_status":"open","ping_status":"open","sticky":false,"template":"","format":"standard","meta":{"footnotes":""},"categories":[2],"tags":[],"class_list":["post-18190","post","type-post","status-publish","format-standard","has-post-thumbnail","hentry","category-gundem"],"_links":{"self":[{"href":"https:\/\/akdenizhaber.com.tr\/index.php\/wp-json\/wp\/v2\/posts\/18190","targetHints":{"allow":["GET"]}}],"collection":[{"href":"https:\/\/akdenizhaber.com.tr\/index.php\/wp-json\/wp\/v2\/posts"}],"about":[{"href":"https:\/\/akdenizhaber.com.tr\/index.php\/wp-json\/wp\/v2\/types\/post"}],"author":[{"embeddable":true,"href":"https:\/\/akdenizhaber.com.tr\/index.php\/wp-json\/wp\/v2\/users\/2"}],"replies":[{"embeddable":true,"href":"https:\/\/akdenizhaber.com.tr\/index.php\/wp-json\/wp\/v2\/comments?post=18190"}],"version-history":[{"count":0,"href":"https:\/\/akdenizhaber.com.tr\/index.php\/wp-json\/wp\/v2\/posts\/18190\/revisions"}],"wp:featuredmedia":[{"embeddable":true,"href":"https:\/\/akdenizhaber.com.tr\/index.php\/wp-json\/wp\/v2\/media\/18191"}],"wp:attachment":[{"href":"https:\/\/akdenizhaber.com.tr\/index.php\/wp-json\/wp\/v2\/media?parent=18190"}],"wp:term":[{"taxonomy":"category","embeddable":true,"href":"https:\/\/akdenizhaber.com.tr\/index.php\/wp-json\/wp\/v2\/categories?post=18190"},{"taxonomy":"post_tag","embeddable":true,"href":"https:\/\/akdenizhaber.com.tr\/index.php\/wp-json\/wp\/v2\/tags?post=18190"}],"curies":[{"name":"wp","href":"https:\/\/api.w.org\/{rel}","templated":true}]}}