{"id":18187,"date":"2023-11-30T13:28:43","date_gmt":"2023-11-30T10:28:43","guid":{"rendered":"https:\/\/akdenizhaber.com.tr\/?p=18187"},"modified":"2023-11-30T13:28:44","modified_gmt":"2023-11-30T10:28:44","slug":"berlin-duvari-yikildi-doner-kebap-isi-basladi","status":"publish","type":"post","link":"https:\/\/akdenizhaber.com.tr\/index.php\/2023\/11\/30\/berlin-duvari-yikildi-doner-kebap-isi-basladi\/","title":{"rendered":"Berlin Duvar\u0131 y\u0131k\u0131ld\u0131 d\u00f6ner kebap i\u015fi ba\u015flad\u0131"},"content":{"rendered":"\n<p><\/p>\n\n\n\n<p>Eski Almanya Federal Meclisi Milletvekili \u00d6zcan Mutlu, \u201cBerlin Duvar\u0131\u2019n\u0131n 1989\u2019da y\u0131k\u0131lmas\u0131n\u0131n ard\u0131ndan Berlin\u2019de her iki T\u00fcrk\u2019ten birinin i\u015fsiz kald\u0131\u011f\u0131n\u0131 belirterek \u201cBuna ra\u011fmen \u00e7o\u011fu kalmaya karar verdi. Ekmek aras\u0131 d\u00f6ner kebap b\u00fcfeleri a\u00e7maya ba\u015flad\u0131lar. Bug\u00fcn sadece Berlin\u2019de 50 ton d\u00f6ner kebap \u00fcretiliyor\u201cdedi.<\/p>\n\n\n\n<p>Mutlu, G\u00fcm\u00fc\u015fhane\u2019nin Kelkit il\u00e7esinde 1968\u2019de do\u011fdu. Ailesi, Almanya ve T\u00fcrkiye aras\u0131nda 30 Ekim 1961\u2019de imzalanan i\u015fg\u00fcc\u00fc anla\u015fmas\u0131yla Almanya\u2019ya g\u00f6\u00e7 etti. Mutlu, 1990\u2019da Alman vatanda\u015f\u0131 oldu, siyasete at\u0131ld\u0131. Almanya Federal Meclisi Milletvekilli se\u00e7ilen Mutlu, 2020\u2019de Almanya UNESCO komisyonu \u00fcyesi oldu.<br><br>Mutlu, Almanya\u2019n\u0131n kaderini de\u011fi\u015ftirerek \u00f6z vatanlar\u0131 T\u00fcrkiye\u2019ye \u0131\u015f\u0131k sa\u00e7an ba\u015far\u0131l\u0131 bir ku\u015fa\u011f\u0131n hikayelerini yazd\u0131\u011f\u0131&nbsp;\u2018Almanya Nas\u0131l Vatan Oldu?\u2019 kitab\u0131yla Antalyal\u0131larla bulu\u015ftu. Aralar\u0131nda BioNTech a\u015f\u0131s\u0131n\u0131n mucitleri U\u011fur \u015eahin ve \u00d6zlem T\u00fcreci\u2019nin de oldu\u011fu doktorlar, sporcular, gazeteciler ve milletvekillerinden bakanlara d\u00fcnyay\u0131 etkileyen 27 T\u00fcrk\u2019\u00fcn hikayesini anlatan Mutlu\u2019nun \u2018Gurbeti Vatan Haline Getirenlerin Hikayesi\u2019 isimli s\u00f6yle\u015fisi Muratpa\u015fa Belediyesi T\u00fcrkan \u015eoray K\u00fclt\u00fcr Merkezi\u2019nde ger\u00e7ekle\u015fti. S\u00f6yle\u015finin moderat\u00f6rl\u00fc\u011f\u00fcn\u00fc ise Muratpa\u015fa Belediye Ba\u015fkan\u0131 \u00dcmit Uysal yapt\u0131.<br><br>Ba\u015fkan Uysal, a\u00e7\u0131l\u0131\u015f konu\u015fmas\u0131nda \u201cG\u00f6\u00e7 hikayelerinin sonu bazen mutlu son oluyor bazen mutsuz. 1961\u2019de Alman h\u00fck\u00fcmetiyle bizim h\u00fck\u00fcmetimizin anla\u015fmas\u0131yla ba\u015flayan bir Almanya\u2019ya misafir i\u015f\u00e7i g\u00f6\u00e7\u00fc olgusu var\u201d dedi. Bunun i\u00e7inden ba\u015far\u0131 hikayeleri \u00e7\u0131kt\u0131\u011f\u0131n\u0131 s\u00f6yleyen Ba\u015fkan Uysal \u201cNuri \u015eahin, \u00d6zlem T\u00fcreci gibi \u00e7ok ba\u015far\u0131l\u0131 hikayeler \u00e7\u0131km\u0131\u015f durumda\u201d dedi.<br><br>Mutlu ise 1961\u2019de ba\u015flayan s\u00fcreci anlatt\u0131\u011f\u0131 konu\u015fmas\u0131nda 1989\u2019da&nbsp;Berlin Duvar\u0131\u2019n\u0131n y\u0131k\u0131lmas\u0131n\u0131n ard\u0131ndan Almanya\u2019da T\u00fcrklerin \u00e7o\u011funun i\u015fsiz kald\u0131\u011f\u0131n\u0131 belirtti. Mutlu, \u201c1989\u2019dan sonra Berlin\u2019de her iki T\u00fcrk\u2019ten biri i\u015fsizdi. \u00dclkelerine d\u00f6nmeyi d\u00fc\u015f\u00fcnd\u00fcler ama \u00e7o\u011fu kalmaya karar verdi. Ekmek aras\u0131 d\u00f6ner kebap b\u00fcfeleri a\u00e7maya ba\u015flad\u0131lar. Bug\u00fcn sadece Berlin\u2019de g\u00fcnde 50 ton d\u00f6ner kebap \u00fcretiliyor\u201c diye konu\u015ftu.&nbsp;S\u00f6yle\u015finin ard\u0131ndan Mutlu, \u2018Almanya Nas\u0131l Vatan Oldu?\u2019 kitab\u0131n\u0131 okurlar i\u00e7in imzalad\u0131.<\/p>\n\n\n\n<p>Muratpa\u015fa Belediyesi \/ B\u00fclten<\/p>\n","protected":false},"excerpt":{"rendered":"<p>Eski Almanya Federal Meclisi Milletvekili \u00d6zcan Mutlu, \u201cBerlin Duvar\u0131\u2019n\u0131n 1989\u2019da y\u0131k\u0131lmas\u0131n\u0131n ard\u0131ndan Berlin\u2019de her iki T\u00fcrk\u2019ten birinin i\u015fsiz kald\u0131\u011f\u0131n\u0131 belirterek \u201cBuna ra\u011fmen \u00e7o\u011fu kalmaya karar <a href=\"https:\/\/akdenizhaber.com.tr\/index.php\/2023\/11\/30\/berlin-duvari-yikildi-doner-kebap-isi-basladi\/\" class=\"read-more-link\">[more&#8230;]<\/a><\/p>\n","protected":false},"author":2,"featured_media":18188,"comment_status":"open","ping_status":"open","sticky":false,"template":"","format":"standard","meta":{"footnotes":""},"categories":[2],"tags":[],"class_list":["post-18187","post","type-post","status-publish","format-standard","has-post-thumbnail","hentry","category-gundem"],"_links":{"self":[{"href":"https:\/\/akdenizhaber.com.tr\/index.php\/wp-json\/wp\/v2\/posts\/18187","targetHints":{"allow":["GET"]}}],"collection":[{"href":"https:\/\/akdenizhaber.com.tr\/index.php\/wp-json\/wp\/v2\/posts"}],"about":[{"href":"https:\/\/akdenizhaber.com.tr\/index.php\/wp-json\/wp\/v2\/types\/post"}],"author":[{"embeddable":true,"href":"https:\/\/akdenizhaber.com.tr\/index.php\/wp-json\/wp\/v2\/users\/2"}],"replies":[{"embeddable":true,"href":"https:\/\/akdenizhaber.com.tr\/index.php\/wp-json\/wp\/v2\/comments?post=18187"}],"version-history":[{"count":0,"href":"https:\/\/akdenizhaber.com.tr\/index.php\/wp-json\/wp\/v2\/posts\/18187\/revisions"}],"wp:featuredmedia":[{"embeddable":true,"href":"https:\/\/akdenizhaber.com.tr\/index.php\/wp-json\/wp\/v2\/media\/18188"}],"wp:attachment":[{"href":"https:\/\/akdenizhaber.com.tr\/index.php\/wp-json\/wp\/v2\/media?parent=18187"}],"wp:term":[{"taxonomy":"category","embeddable":true,"href":"https:\/\/akdenizhaber.com.tr\/index.php\/wp-json\/wp\/v2\/categories?post=18187"},{"taxonomy":"post_tag","embeddable":true,"href":"https:\/\/akdenizhaber.com.tr\/index.php\/wp-json\/wp\/v2\/tags?post=18187"}],"curies":[{"name":"wp","href":"https:\/\/api.w.org\/{rel}","templated":true}]}}