{"id":18161,"date":"2023-11-29T12:06:57","date_gmt":"2023-11-29T09:06:57","guid":{"rendered":"https:\/\/akdenizhaber.com.tr\/?p=18161"},"modified":"2023-11-29T12:06:58","modified_gmt":"2023-11-29T09:06:58","slug":"balcidan-ibradi-belediye-baskanligi-aday-adaylik-aciklamasi","status":"publish","type":"post","link":"https:\/\/akdenizhaber.com.tr\/index.php\/2023\/11\/29\/balcidan-ibradi-belediye-baskanligi-aday-adaylik-aciklamasi\/","title":{"rendered":"Balc\u0131\u2019dan \u0130brad\u0131 Belediye Ba\u015fkanl\u0131\u011f\u0131 Aday Adayl\u0131k A\u00e7\u0131klamas\u0131"},"content":{"rendered":"\n<p><\/p>\n\n\n\n<p>\u0130yi Parti \u00fcyeli\u011finden istifa edip Cumhuriyet Halk Partisine ge\u00e7en \u00d6zcan Balc\u0131\u2019n\u0131n rozetini \u0130l\u00e7e Ba\u015fkan\u0131 Selim \u00d6zalt\u0131n takt\u0131.<\/p>\n\n\n\n<p>Akabinde \u0130brad\u0131 Belediye Ba\u015fkanl\u0131\u011f\u0131 i\u00e7in \u00d6zcan Balc\u0131 Cumhuriyet Halk Partisi \u0130brad\u0131 \u0130l\u00e7e Ba\u015fkanl\u0131\u011f\u0131na Aday Adayl\u0131k a\u00e7\u0131klamas\u0131n\u0131 ve ba\u015fvurusunu yapt\u0131 \u0130brad\u0131lar\u0131n yo\u011fun ilgi g\u00f6sterdi\u011fi a\u00e7\u0131klamada Balc\u0131 \u015fu ifadelere yer verdi;<\/p>\n\n\n\n<p>&nbsp;\u201cCumhuriyet Halk Partimizin k\u0131ymetli \u00fcyeleri, sevgili dostlar\u0131m, de\u011ferli Hem\u015fehrilerim,<\/p>\n\n\n\n<p>Uzun y\u0131llard\u0131r g\u00fczel il\u00e7emizde, yerel y\u00f6netim konular\u0131nda pek \u00e7ok sorumluluklar \u00fcstlenerek, b\u00f6lgemiz refah\u0131 ve faydas\u0131 i\u00e7in \u00e7al\u0131\u015fmaktay\u0131m.<\/p>\n\n\n\n<p>Bu \u00e7al\u0131\u015f mallar\u0131m\u0131 sizlerle birlikte ortak ak\u0131l ve i\u015f birli\u011fi ile planlayarak, \u0130brad\u0131&#8217;m\u0131z\u0131n daha iyi bir gelece\u011fi hak etti\u011fi d\u00fc\u015f\u00fcncesiyle daha da ileri ta\u015f\u0131maya talibim, bu niyetle \u00e7\u0131kt\u0131\u011f\u0131m yolda \u0130brad\u0131 Belediye Ba\u015fkan\u0131 aday adayl\u0131\u011f\u0131m\u0131 bug\u00fcn sizlerin huzurunda a\u00e7\u0131kl\u0131yorum.<\/p>\n\n\n\n<p>Partimizin ve Ulu \u00f6nderimiz Mustafa Kemal Atat\u00fcrk\u2019\u00fcn ilkeleri do\u011frultusunda, b\u00f6lgemiz yarar\u0131na olu\u015fturdu\u011fumuz ve il\u00e7emizi y\u00fcceltecek projelerimizle Yerel y\u00f6netim tecr\u00fcbemle \u015feffaf ve adaletli bir \u015fekilde \u00e7al\u0131\u015faca\u011f\u0131ma sizlerin \u00f6n\u00fcnde s\u00f6z veriyorum.<\/p>\n\n\n\n<p>Bug\u00fcn burada sadece adayl\u0131k a\u00e7\u0131klamas\u0131 i\u00e7in de\u011fil \u00f6rg\u00fct\u00fcm\u00fczle birlikte Partimizin kazanmas\u0131 i\u00e7in se\u00e7im start\u0131n\u0131 verdi\u011fimizi de duyurmak istiyorum.<\/p>\n\n\n\n<p>\u00d6rg\u00fct\u00fcm\u00fcz ile birlikte \u0130brad\u0131\u2019m\u0131z\u0131n her k\u00f6\u015fesini kucaklayacak, herkesin sesine kulak verecek, kap\u0131 kap\u0131 gezerek projelerimizi anlat\u0131p b\u00fct\u00fcn kalpleri kazanaca\u011f\u0131z ve size s\u00f6z veriyorum.<\/p>\n\n\n\n<p>SE\u00c7\u0130M\u0130DE ALLAH\u0130N \u0130ZN\u0130YLE KAZANA\u011eIZ.<\/p>\n\n\n\n<p>Bu yolda benimle beraber olacak, katk\u0131 sunacak her bir \u0130brad\u0131\u2019l\u0131 hem\u015ferimi yan\u0131mda g\u00f6rmekten b\u00fcy\u00fck mutluluk duyaca\u011f\u0131m.<\/p>\n\n\n\n<p>\u0130brad\u0131\u2019m\u0131z\u0131n \u00f6z evlad\u0131 olarak ba\u015fta \u00f6rg\u00fcm\u00fcz ve siz de\u011ferli hem\u015ferilerimin deste\u011fi ile; G\u00fczeller G\u00fczeli \u0130brad\u0131\u2019m\u0131z\u0131 kendine has dokusu, vatan\u0131n\u0131 milletini seven, hi\u00e7bir zaman il\u00e7esinden kopmayan, tarihiyle gurur duyan siz de\u011ferli hem\u015ferilerimle birlikte ta\u015f\u0131na topra\u011f\u0131na a\u015fk ile ba\u011fl\u0131 oldu\u011fum il\u00e7emizi T\u00fcrkiye\u2019ye \u00f6rnek bir il\u00e7e yapmak daha g\u00fczel yar\u0131nlara ta\u015f\u0131mak i\u00e7in var g\u00fcc\u00fcmle \u00e7al\u0131\u015faca\u011f\u0131m. A\u015fk ile \u00e7\u0131kt\u0131\u011f\u0131m\u0131z bu yolda biz kazanaca\u011f\u0131z, \u0130brad\u0131 kazanacak\u201d dedi.<\/p>\n\n\n\n<p>(Haber Merkezi)<\/p>\n","protected":false},"excerpt":{"rendered":"<p>\u0130yi Parti \u00fcyeli\u011finden istifa edip Cumhuriyet Halk Partisine ge\u00e7en \u00d6zcan Balc\u0131\u2019n\u0131n rozetini \u0130l\u00e7e Ba\u015fkan\u0131 Selim \u00d6zalt\u0131n takt\u0131. Akabinde \u0130brad\u0131 Belediye Ba\u015fkanl\u0131\u011f\u0131 i\u00e7in \u00d6zcan Balc\u0131 Cumhuriyet <a href=\"https:\/\/akdenizhaber.com.tr\/index.php\/2023\/11\/29\/balcidan-ibradi-belediye-baskanligi-aday-adaylik-aciklamasi\/\" class=\"read-more-link\">[more&#8230;]<\/a><\/p>\n","protected":false},"author":2,"featured_media":18162,"comment_status":"open","ping_status":"open","sticky":false,"template":"","format":"standard","meta":{"footnotes":""},"categories":[2],"tags":[],"class_list":["post-18161","post","type-post","status-publish","format-standard","has-post-thumbnail","hentry","category-gundem"],"_links":{"self":[{"href":"https:\/\/akdenizhaber.com.tr\/index.php\/wp-json\/wp\/v2\/posts\/18161","targetHints":{"allow":["GET"]}}],"collection":[{"href":"https:\/\/akdenizhaber.com.tr\/index.php\/wp-json\/wp\/v2\/posts"}],"about":[{"href":"https:\/\/akdenizhaber.com.tr\/index.php\/wp-json\/wp\/v2\/types\/post"}],"author":[{"embeddable":true,"href":"https:\/\/akdenizhaber.com.tr\/index.php\/wp-json\/wp\/v2\/users\/2"}],"replies":[{"embeddable":true,"href":"https:\/\/akdenizhaber.com.tr\/index.php\/wp-json\/wp\/v2\/comments?post=18161"}],"version-history":[{"count":0,"href":"https:\/\/akdenizhaber.com.tr\/index.php\/wp-json\/wp\/v2\/posts\/18161\/revisions"}],"wp:featuredmedia":[{"embeddable":true,"href":"https:\/\/akdenizhaber.com.tr\/index.php\/wp-json\/wp\/v2\/media\/18162"}],"wp:attachment":[{"href":"https:\/\/akdenizhaber.com.tr\/index.php\/wp-json\/wp\/v2\/media?parent=18161"}],"wp:term":[{"taxonomy":"category","embeddable":true,"href":"https:\/\/akdenizhaber.com.tr\/index.php\/wp-json\/wp\/v2\/categories?post=18161"},{"taxonomy":"post_tag","embeddable":true,"href":"https:\/\/akdenizhaber.com.tr\/index.php\/wp-json\/wp\/v2\/tags?post=18161"}],"curies":[{"name":"wp","href":"https:\/\/api.w.org\/{rel}","templated":true}]}}