{"id":18158,"date":"2023-11-29T12:05:32","date_gmt":"2023-11-29T09:05:32","guid":{"rendered":"https:\/\/akdenizhaber.com.tr\/?p=18158"},"modified":"2023-11-29T12:05:33","modified_gmt":"2023-11-29T09:05:33","slug":"kitap-fuarina-ogrencilerden-yogun-ilgi","status":"publish","type":"post","link":"https:\/\/akdenizhaber.com.tr\/index.php\/2023\/11\/29\/kitap-fuarina-ogrencilerden-yogun-ilgi\/","title":{"rendered":"Kitap Fuar\u0131\u2019na \u00f6\u011frencilerden yo\u011fun ilgi"},"content":{"rendered":"\n<p><\/p>\n\n\n\n<p>Antalya B\u00fcy\u00fck\u015fehir Belediyesi ev sahipli\u011finde bu y\u0131l 13\u2019\u00fcnc\u00fcs\u00fc ger\u00e7ekle\u015ftirilen Antalya Kitap Fuar\u0131, \u00f6\u011frenci ak\u0131n\u0131na u\u011fruyor. \u00d6\u011frenciler, fuar\u0131 gezerek bol bol kitap al\u0131yor.<\/p>\n\n\n\n<p>13. Antalya Kitap Fuar\u0131, d\u00f6rd\u00fcnc\u00fc g\u00fcn\u00fcnde Cam Piramit Fuar ve Kongre Merkezi\u2019nde ziyaret\u00e7ilerini a\u011f\u0131rlamaya devam ediyor. Antalya B\u00fcy\u00fck\u015fehir Belediyesi\u2019nin 263 yazar\u0131 ve 204 yay\u0131nevini kitapseverlerle bulu\u015fturdu\u011fu kitap fuar\u0131 ziyaret\u00e7i ak\u0131n\u0131na u\u011fruyor. \u201cCumhuriyetimizin ikinci y\u00fczy\u0131l\u0131n\u0131 birlikte yaz\u0131yoruz\u201d slogan\u0131yla d\u00fczenlenen Antalya Kitap Fuar\u0131\u2019nda okurlar, fuar\u0131 gezerek, sevdi\u011fi yazarlar ile birebir temas kurma f\u0131rsat\u0131 buluyor. Kitap Fuar\u0131na 4\u2019\u00fcnc\u00fc g\u00fcn\u00fcnde \u00f6zellikle \u00f6\u011frenciler yo\u011fun ilgi g\u00f6sterdi. \u00d6\u011frenciler, yay\u0131n evlerinin stantlar\u0131n\u0131 ziyaret ederek, ihtiyac\u0131 olan kitaplar\u0131 alma f\u0131rsat\u0131 buldu. Antalya Kitap Fuar\u0131, \u00f6\u011frenci sesleri ile yank\u0131land\u0131.<\/p>\n\n\n\n<p>YAZARLAR K\u0130TAPLARINI \u0130MZALIYOR<\/p>\n\n\n\n<p>13. Antalya Kitap Fuar\u0131\u2019n\u0131n 4\u2019\u00fcnc\u00fc g\u00fcn\u00fcnde \u015eansene Cam\u0131z, Tolga Uluayd\u0131n, Hasan K\u0131yafet, G\u00fcner Din\u00e7aslan, G\u00f6n\u00fcl \u00c7ak\u0131r, Fikret Ero\u011flu ve AnooshirvanMiandji okurlar\u0131na kitaplar\u0131n\u0131 imzalad\u0131. Antalya B\u00fcy\u00fck\u015fehir Belediye Ba\u015fkan\u0131 Muhittin B\u00f6cek de Kitap Fuar\u0131nda s\u0131k s\u0131k vatanda\u015flarla bir araya geldi. Ba\u015fkan B\u00f6cek, Antalya Kitap Fuar\u0131\u2019nda Antalyaspor Ba\u015fkan\u0131 Sinan Boztepe ve Ba\u015fkanvekili Alkan Evren\u2019i a\u011f\u0131rlad\u0131. 13. Antalya Kitap Fuar\u0131, 3 Aral\u0131k Pazar g\u00fcn\u00fcne kadar saat 10.00-20.00 saatleri aras\u0131nda ziyarete a\u00e7\u0131k kalacak.<\/p>\n\n\n\n<p>Antalya B\u00fcy\u00fck\u015fehir Belediyesi \/ B\u00fclten<\/p>\n","protected":false},"excerpt":{"rendered":"<p>Antalya B\u00fcy\u00fck\u015fehir Belediyesi ev sahipli\u011finde bu y\u0131l 13\u2019\u00fcnc\u00fcs\u00fc ger\u00e7ekle\u015ftirilen Antalya Kitap Fuar\u0131, \u00f6\u011frenci ak\u0131n\u0131na u\u011fruyor. \u00d6\u011frenciler, fuar\u0131 gezerek bol bol kitap al\u0131yor. 13. Antalya Kitap <a href=\"https:\/\/akdenizhaber.com.tr\/index.php\/2023\/11\/29\/kitap-fuarina-ogrencilerden-yogun-ilgi\/\" class=\"read-more-link\">[more&#8230;]<\/a><\/p>\n","protected":false},"author":2,"featured_media":18159,"comment_status":"open","ping_status":"open","sticky":false,"template":"","format":"standard","meta":{"footnotes":""},"categories":[2],"tags":[],"class_list":["post-18158","post","type-post","status-publish","format-standard","has-post-thumbnail","hentry","category-gundem"],"_links":{"self":[{"href":"https:\/\/akdenizhaber.com.tr\/index.php\/wp-json\/wp\/v2\/posts\/18158","targetHints":{"allow":["GET"]}}],"collection":[{"href":"https:\/\/akdenizhaber.com.tr\/index.php\/wp-json\/wp\/v2\/posts"}],"about":[{"href":"https:\/\/akdenizhaber.com.tr\/index.php\/wp-json\/wp\/v2\/types\/post"}],"author":[{"embeddable":true,"href":"https:\/\/akdenizhaber.com.tr\/index.php\/wp-json\/wp\/v2\/users\/2"}],"replies":[{"embeddable":true,"href":"https:\/\/akdenizhaber.com.tr\/index.php\/wp-json\/wp\/v2\/comments?post=18158"}],"version-history":[{"count":0,"href":"https:\/\/akdenizhaber.com.tr\/index.php\/wp-json\/wp\/v2\/posts\/18158\/revisions"}],"wp:featuredmedia":[{"embeddable":true,"href":"https:\/\/akdenizhaber.com.tr\/index.php\/wp-json\/wp\/v2\/media\/18159"}],"wp:attachment":[{"href":"https:\/\/akdenizhaber.com.tr\/index.php\/wp-json\/wp\/v2\/media?parent=18158"}],"wp:term":[{"taxonomy":"category","embeddable":true,"href":"https:\/\/akdenizhaber.com.tr\/index.php\/wp-json\/wp\/v2\/categories?post=18158"},{"taxonomy":"post_tag","embeddable":true,"href":"https:\/\/akdenizhaber.com.tr\/index.php\/wp-json\/wp\/v2\/tags?post=18158"}],"curies":[{"name":"wp","href":"https:\/\/api.w.org\/{rel}","templated":true}]}}