{"id":18149,"date":"2023-11-29T12:02:29","date_gmt":"2023-11-29T09:02:29","guid":{"rendered":"https:\/\/akdenizhaber.com.tr\/?p=18149"},"modified":"2023-11-29T12:02:29","modified_gmt":"2023-11-29T09:02:29","slug":"baskan-gencten-ogretmenlere-mujde","status":"publish","type":"post","link":"https:\/\/akdenizhaber.com.tr\/index.php\/2023\/11\/29\/baskan-gencten-ogretmenlere-mujde\/","title":{"rendered":"Ba\u015fkan Gen\u00e7\u2019ten \u00d6\u011fretmenlere M\u00fcjde"},"content":{"rendered":"\n<p><br><\/p>\n\n\n\n<p>D\u00f6\u015femealt\u0131 Belediye Ba\u015fkan\u0131 Turgay Gen\u00e7, 24 Kas\u0131m \u00d6\u011fretmenler G\u00fcn\u00fc nedeniyle Ekolojik Kre\u015f&#8217;i ziyaret etti.<\/p>\n\n\n\n<p>Ba\u015fkan Gen\u00e7, Antalya&#8217;n\u0131n tek T\u00fcrkiye&#8217;nin \u00f6rnek projesi D\u00f6\u015femealt\u0131 Belediyesi Ekolojik Kre\u015f&#8217;inde e\u011fitim veren \u00f6\u011fretmen, yard\u0131mc\u0131 \u00f6\u011fretmen ve bak\u0131c\u0131 anneleri kapsayacak toplu s\u00f6zle\u015fmede fark m\u00fcjdesi verdi. Y\u0131lba\u015f\u0131nda yap\u0131lacak Toplu s\u00f6zle\u015fmesinde Kre\u015f&#8217;te g\u00f6revli e\u011fitimcileri kapsayacak \u00f6zel bir madde eklenecek. Sendika s\u00f6zle\u015fmesine eklenecek ve yasal limitin en \u00fcst\u00fcnde verilecek sorumluluk maddesi sayesinde \u00f6\u011fretmen, yard\u0131mc\u0131 \u00f6\u011fretmen ve bak\u0131c\u0131 anneler maa\u015flar\u0131n\u0131 daha y\u00fcksek alacak.<\/p>\n\n\n\n<p>D\u00f6\u015femealt\u0131 Belediye Ba\u015fkan\u0131 Turgay Gen\u00e7, her y\u0131l oldu\u011fu gibi bu senede \u00d6\u011fretmenler g\u00fcn\u00fcnde e\u011fitimcileri unutmad\u0131. \u0130l\u00e7ede faaliyet g\u00f6steren devlet ve \u00f6zel okullar, ana okullar\u0131, kre\u015f ve dershane \u00f6\u011fretmenlerinin isimlerine \u00f6zel hediye haz\u0131rlatan Turgay Gen\u00e7, Mustafa Ayten Ayd\u0131n Anadolu Lisesi ve Ekolojik Kre\u015f&#8217;i ziyaret etti. \u00d6\u011fretmenlerle sohbet edip \u00f6zel g\u00fcnlerini kutlayan Ba\u015fkan Gen\u00e7, \u201cD\u00fcnyan\u0131n en kutsal mesle\u011fini yapan siz de\u011ferli \u00f6\u011fretmenlerimizin bu \u00f6zel g\u00fcn\u00fcnde yan\u0131nda olabildi\u011fim i\u00e7in \u00e7ok mutluyum. Hepinize asla \u00f6denmeyecek haklar\u0131n\u0131z i\u00e7in sonsuz te\u015fekk\u00fcr ediyorum. Atat\u00fcrk&#8217;\u00fcn izinde bilimin \u0131\u015f\u0131\u011f\u0131nda gelecek nesillerimizi yeti\u015ftiren t\u00fcm \u00f6\u011fretmenlerimizin 24 Kas\u0131m \u00d6\u011fretmenler G\u00fcn\u00fcn\u00fc sizlerin nezdinde kutluyorum\u201d diye konu\u015ftu.<\/p>\n\n\n\n<p>Ba\u015fkan Turgay Gen\u00e7, ilk olarak D\u00f6\u015femealt\u0131 Belediyesi&#8217;nin Ye\u015fil bayrak \u00f6d\u00fcll\u00fc okulu Ekolojik Kre\u015f&#8217;i ziyaret etti. Burada okul \u00f6ncesi e\u011fitimcileriyle bulu\u015fan Gen\u00e7, hediyelerini da\u011f\u0131tt\u0131\u011f\u0131 \u00f6\u011fretmenlere toplu s\u00f6zle\u015fmede pozitif ayr\u0131mc\u0131l\u0131k m\u00fcjdesi verdi. Y\u0131lba\u015f\u0131nda yap\u0131lacak s\u00f6zle\u015fmeye \u00f6zel bir madde ekleyerek D\u00fcnyan\u0131n en kutsal mesle\u011fini yapan \u00f6\u011fretmenlere sorumluluk \u00f6demesi yap\u0131laca\u011f\u0131n\u0131 s\u00f6yledi. Gen\u00e7, \u201cBa\u015fkan yard\u0131mc\u0131m\u0131z\u0131 bu konuda \u00f6zellikle yetkilendirdim. Yapaca\u011f\u0131m\u0131z s\u00f6zle\u015fmede siz de\u011ferli e\u011fitimcilerimize sorumluluk maddesi ile yasal limitin en \u00fcst s\u0131n\u0131r\u0131ndan ek \u00f6deme yapaca\u011f\u0131z. \u00d6zellikle bu m\u00fcjdeyi \u00f6\u011fretmenler g\u00fcn\u00fcnde vermek istedim\u201d diye konu\u015ftu. Turgay Gen\u00e7 kre\u015f \u00f6\u011fretmenlerine karanfil da\u011f\u0131tt\u0131ktan sonra pasta keserek \u00f6zel g\u00fcnlerini kutlad\u0131.<\/p>\n\n\n\n<p>D\u00f6\u015femealt\u0131 Belediye Ba\u015fkan\u0131 Gen\u00e7, yapt\u0131\u011f\u0131 projeler aras\u0131nda en \u00e7ok gurur duydu\u011fu projenin Ekoloik Kre\u015f oldu\u011funu s\u00f6yledi. Gen\u00e7, \u201cEn \u00e7ok olmaktan mutlu oldu\u011fum yer buras\u0131. Ke\u015fke g\u00fcn\u00fcm\u00fcn yar\u0131s\u0131n\u0131 sizlerle \u0131\u015f\u0131l \u0131\u015f\u0131l \u00e7ocuklar\u0131m\u0131zla ge\u00e7irebilsem. Bize uluslar aras\u0131 alanda ba\u015far\u0131lar getiren ad\u0131m\u0131z\u0131 b\u0131rak\u0131n Antalya&#8217;y\u0131 t\u00fcm T\u00fcrkiye&#8217;ye duyuran kre\u015fimiz sizlerin verdi\u011fi e\u011fitimle bu seviyeye y\u00fckseldi. Hepinize ba\u015far\u0131lar\u0131n\u0131z i\u00e7in sonsuz te\u015fekk\u00fcr ederim\u201d dedi. Turgay Gen\u00e7, daha sonra e\u015fi P\u0131nar Gen\u00e7&#8217;in de e\u011fitim verdi\u011fi Mustafa-Ayten Ayd\u0131n Anadolu Lisesi \u00f6\u011fretmenlerini ziyaret etti. Yine burada \u00f6\u011fretmenlere karanfil ve isimlerine \u00f6zel termos kupa hediye eden Gen\u00e7, \u00f6\u011fretmenler odas\u0131nda e\u011fitimcilerle sohbet etti. D\u00f6\u015femealt\u0131 Belediyesi Nar Masa ekipleri Ba\u015fkan Turgay Gen\u00e7 taraf\u0131ndan \u00f6\u011fretmenlerin isimlerine \u00f6zel yapt\u0131r\u0131lan hediyeleri okullara da\u011f\u0131tarak \u00f6\u011fretmenler g\u00fcn\u00fcn\u00fc kutlad\u0131.<\/p>\n\n\n\n<p><a href=\"http:\/\/www.dosemealti.bel.tr\/Resim\/Fotogaleri\/Buyuk\/fotogaleri159033ec4b.jpg\"><\/a><\/p>\n\n\n\n<p>&nbsp;D\u00f6\u015femealt\u0131 Belediyesi \/ B\u00fclten<\/p>\n\n\n\n<p><a href=\"http:\/\/www.dosemealti.bel.tr\/Resim\/Fotogaleri\/Buyuk\/fotogaleri159040846f.jpg\"><\/a><\/p>\n\n\n\n<p><a href=\"http:\/\/www.dosemealti.bel.tr\/Resim\/Fotogaleri\/Buyuk\/fotogaleri159051c077.jpg\"><br><\/a><\/p>\n","protected":false},"excerpt":{"rendered":"<p>D\u00f6\u015femealt\u0131 Belediye Ba\u015fkan\u0131 Turgay Gen\u00e7, 24 Kas\u0131m \u00d6\u011fretmenler G\u00fcn\u00fc nedeniyle Ekolojik Kre\u015f&#8217;i ziyaret etti. Ba\u015fkan Gen\u00e7, Antalya&#8217;n\u0131n tek T\u00fcrkiye&#8217;nin \u00f6rnek projesi D\u00f6\u015femealt\u0131 Belediyesi Ekolojik Kre\u015f&#8217;inde <a href=\"https:\/\/akdenizhaber.com.tr\/index.php\/2023\/11\/29\/baskan-gencten-ogretmenlere-mujde\/\" class=\"read-more-link\">[more&#8230;]<\/a><\/p>\n","protected":false},"author":2,"featured_media":18150,"comment_status":"open","ping_status":"open","sticky":false,"template":"","format":"standard","meta":{"footnotes":""},"categories":[2],"tags":[],"class_list":["post-18149","post","type-post","status-publish","format-standard","has-post-thumbnail","hentry","category-gundem"],"_links":{"self":[{"href":"https:\/\/akdenizhaber.com.tr\/index.php\/wp-json\/wp\/v2\/posts\/18149","targetHints":{"allow":["GET"]}}],"collection":[{"href":"https:\/\/akdenizhaber.com.tr\/index.php\/wp-json\/wp\/v2\/posts"}],"about":[{"href":"https:\/\/akdenizhaber.com.tr\/index.php\/wp-json\/wp\/v2\/types\/post"}],"author":[{"embeddable":true,"href":"https:\/\/akdenizhaber.com.tr\/index.php\/wp-json\/wp\/v2\/users\/2"}],"replies":[{"embeddable":true,"href":"https:\/\/akdenizhaber.com.tr\/index.php\/wp-json\/wp\/v2\/comments?post=18149"}],"version-history":[{"count":0,"href":"https:\/\/akdenizhaber.com.tr\/index.php\/wp-json\/wp\/v2\/posts\/18149\/revisions"}],"wp:featuredmedia":[{"embeddable":true,"href":"https:\/\/akdenizhaber.com.tr\/index.php\/wp-json\/wp\/v2\/media\/18150"}],"wp:attachment":[{"href":"https:\/\/akdenizhaber.com.tr\/index.php\/wp-json\/wp\/v2\/media?parent=18149"}],"wp:term":[{"taxonomy":"category","embeddable":true,"href":"https:\/\/akdenizhaber.com.tr\/index.php\/wp-json\/wp\/v2\/categories?post=18149"},{"taxonomy":"post_tag","embeddable":true,"href":"https:\/\/akdenizhaber.com.tr\/index.php\/wp-json\/wp\/v2\/tags?post=18149"}],"curies":[{"name":"wp","href":"https:\/\/api.w.org\/{rel}","templated":true}]}}