{"id":18146,"date":"2023-11-29T12:01:14","date_gmt":"2023-11-29T09:01:14","guid":{"rendered":"https:\/\/akdenizhaber.com.tr\/?p=18146"},"modified":"2023-11-29T12:01:14","modified_gmt":"2023-11-29T09:01:14","slug":"tatli-kazalar-atlasi-sergisi-acildi","status":"publish","type":"post","link":"https:\/\/akdenizhaber.com.tr\/index.php\/2023\/11\/29\/tatli-kazalar-atlasi-sergisi-acildi\/","title":{"rendered":"Tatl\u0131 Kazalar Atlas\u0131 sergisi a\u00e7\u0131ld\u0131"},"content":{"rendered":"\n<p><\/p>\n\n\n\n<p>Antalya\u2019da Muratpa\u015fa Belediyesi\u2019nin Fikret Otyam Sergi Salonu\u2019nda Halime \u0130spir Bozkurt\u2019a ait \u2018Tatl\u0131 Kazalar Atlas\u0131\u2019 isimli sergi sanatseverle bulu\u015ftu. 41 eserden olu\u015fan sergi, 5 Aral\u0131k\u2019a kadar saat 10.00-17.30 aras\u0131nda ziyarete a\u00e7\u0131k olacak.<\/p>\n\n\n\n<p>\u00c7al\u0131\u015fmalar\u0131n\u0131 Antalya\u2019da s\u00fcrd\u00fcren Bozkurt, 2013\u2019te resmi profesyonel olarak ba\u015flad\u0131\u011f\u0131n\u0131 s\u00f6yledi. \u2018Tatl\u0131 Kazalar Atlas\u0131\u2019 isimli son sergisinin ya\u011fl\u0131 boya tablolardan olu\u015ftu\u011funu belirten Bozkurt, resimlerinde genellikle spatula ve f\u0131r\u00e7a tekni\u011fi kulland\u0131\u011f\u0131n\u0131 belirtti. Bozkut, Muratpa\u015fa Belediyesi\u2019ne sergi salonu deste\u011fi sa\u011flad\u0131\u011f\u0131 i\u00e7in te\u015fekk\u00fcr etti. Bozkurt, \u201cBu sergide ben sevginin ne kadar g\u00fc\u00e7l\u00fc oldu\u011funu ve birlik bilincinin ne kadar y\u00fcksek oldu\u011funu g\u00f6rd\u00fcm. Baya\u011f\u0131 imece usul\u00fc bir sergi haz\u0131rl\u0131\u011f\u0131 oldu. Bir ayda bu sergiyi a\u00e7abildik\u201d diye konu\u015ftu. Serginin a\u00e7\u0131l\u0131\u015f\u0131 ise piyano ve m\u00fczik e\u015fli\u011finde \u0130lkan Polat\u2019\u0131n performans g\u00f6sterisiyle ger\u00e7ekle\u015fti.<\/p>\n\n\n\n<p>Muratpa\u015fa Belediyesi \/ B\u00fclten<\/p>\n","protected":false},"excerpt":{"rendered":"<p>Antalya\u2019da Muratpa\u015fa Belediyesi\u2019nin Fikret Otyam Sergi Salonu\u2019nda Halime \u0130spir Bozkurt\u2019a ait \u2018Tatl\u0131 Kazalar Atlas\u0131\u2019 isimli sergi sanatseverle bulu\u015ftu. 41 eserden olu\u015fan sergi, 5 Aral\u0131k\u2019a kadar <a href=\"https:\/\/akdenizhaber.com.tr\/index.php\/2023\/11\/29\/tatli-kazalar-atlasi-sergisi-acildi\/\" class=\"read-more-link\">[more&#8230;]<\/a><\/p>\n","protected":false},"author":2,"featured_media":18147,"comment_status":"open","ping_status":"open","sticky":false,"template":"","format":"standard","meta":{"footnotes":""},"categories":[2],"tags":[],"class_list":["post-18146","post","type-post","status-publish","format-standard","has-post-thumbnail","hentry","category-gundem"],"_links":{"self":[{"href":"https:\/\/akdenizhaber.com.tr\/index.php\/wp-json\/wp\/v2\/posts\/18146","targetHints":{"allow":["GET"]}}],"collection":[{"href":"https:\/\/akdenizhaber.com.tr\/index.php\/wp-json\/wp\/v2\/posts"}],"about":[{"href":"https:\/\/akdenizhaber.com.tr\/index.php\/wp-json\/wp\/v2\/types\/post"}],"author":[{"embeddable":true,"href":"https:\/\/akdenizhaber.com.tr\/index.php\/wp-json\/wp\/v2\/users\/2"}],"replies":[{"embeddable":true,"href":"https:\/\/akdenizhaber.com.tr\/index.php\/wp-json\/wp\/v2\/comments?post=18146"}],"version-history":[{"count":0,"href":"https:\/\/akdenizhaber.com.tr\/index.php\/wp-json\/wp\/v2\/posts\/18146\/revisions"}],"wp:featuredmedia":[{"embeddable":true,"href":"https:\/\/akdenizhaber.com.tr\/index.php\/wp-json\/wp\/v2\/media\/18147"}],"wp:attachment":[{"href":"https:\/\/akdenizhaber.com.tr\/index.php\/wp-json\/wp\/v2\/media?parent=18146"}],"wp:term":[{"taxonomy":"category","embeddable":true,"href":"https:\/\/akdenizhaber.com.tr\/index.php\/wp-json\/wp\/v2\/categories?post=18146"},{"taxonomy":"post_tag","embeddable":true,"href":"https:\/\/akdenizhaber.com.tr\/index.php\/wp-json\/wp\/v2\/tags?post=18146"}],"curies":[{"name":"wp","href":"https:\/\/api.w.org\/{rel}","templated":true}]}}