{"id":18141,"date":"2023-11-28T13:25:16","date_gmt":"2023-11-28T10:25:16","guid":{"rendered":"https:\/\/akdenizhaber.com.tr\/?p=18141"},"modified":"2023-11-28T13:25:34","modified_gmt":"2023-11-28T10:25:34","slug":"memleket-partisi-ilce-baskani-ali-sazan-aday-adayligi-basvurumu-yaptim","status":"publish","type":"post","link":"https:\/\/akdenizhaber.com.tr\/index.php\/2023\/11\/28\/memleket-partisi-ilce-baskani-ali-sazan-aday-adayligi-basvurumu-yaptim\/","title":{"rendered":"Memleket Partisi \u0130l\u00e7e Ba\u015fkan\u0131 Ali Sazan; \u201cAday Adayl\u0131\u011f\u0131 ba\u015fvurumu yapt\u0131m\u201d"},"content":{"rendered":"\n<p>Memleket Partisi \u0130l\u00e7e Ba\u015fkan\u0131 Ali Sazan d\u00fcn Hisar Caddesindeki Harmoni Pastanesinde gazetecilerle bir araya geldi.<\/p>\n\n\n\n<figure class=\"wp-block-image size-full\"><img loading=\"lazy\" decoding=\"async\" width=\"400\" height=\"400\" src=\"https:\/\/akdenizhaber.com.tr\/wp-content\/uploads\/2023\/11\/p2sG6vbH_400x400.jpg\" alt=\"\" class=\"wp-image-18144\"\/><\/figure>\n\n\n\n<p>Yakla\u015fan yerel se\u00e7imler \u00f6ncesi bilgilendirme ve kar\u015f\u0131l\u0131kl\u0131 fikir al\u0131\u015fveri\u015fi i\u00e7inde ge\u00e7en kahvalt\u0131da Memleket Partisi \u0130l\u00e7e Ba\u015fkan\u0131 Ali Sazan 31 Mart 2024 tarihinde yap\u0131lacak olan se\u00e7imlerde Manavgat Belediye ba\u015fkanl\u0131\u011f\u0131na aday adayl\u0131\u011f\u0131 ba\u015fvurusu yapt\u0131\u011f\u0131n\u0131 belirterek s\u00fcrecin devam etti\u011fini s\u00f6yledi.<\/p>\n\n\n\n<p>Aylar \u00f6ncesinden Memleket Partisi il\u00e7e te\u015fkilat\u0131n\u0131n t\u00fcm \u00fclke genelinde oldu\u011fu gibi il\u00e7emizde de se\u00e7imlere haz\u0131r oldu\u011funa dikkat \u00e7eken Ali Sazan, Manavgat\u2019\u0131n \u00f6ncelikli en b\u00fcy\u00fck sorununun bar\u0131nma oldu\u011funu ifade ederek Memleket Partisi yerel iktidar\u0131nda bu sorunun \u00e7\u00f6z\u00fclmesi yolunda gayret sarf edeceklerini belirtti.<\/p>\n\n\n\n<p>Yerel se\u00e7imlerle ilgili aylard\u0131r bir\u00e7ok proje \u00fczerinde \u00e7al\u0131\u015ft\u0131klar\u0131n\u0131 ve bir\u00e7ok projenin hayata ge\u00e7irilmesi anlam\u0131nda haz\u0131rl\u0131klar\u0131n\u0131 tamamlad\u0131klar\u0131n\u0131 s\u00f6yleyen Ali Sazan \u015f\u00f6yle konu\u015ftu;<\/p>\n\n\n\n<p>\u201c31 Mart 2024 tarihinde yap\u0131lacak olan yerel se\u00e7imlerde Manavgat Belediye ba\u015fkanl\u0131\u011f\u0131 aday adayl\u0131\u011f\u0131 m\u00fcracaat\u0131m\u0131 genel merkeze yapm\u0131\u015f bulunmaktay\u0131m. \u0130l\u00e7e y\u00f6netimimizin de olurunu alarak yapt\u0131\u011f\u0131m m\u00fcracaat\u0131m\u0131n s\u00fcreci devam ediyor, \u015fahs\u0131m\u0131 bu g\u00f6reve lay\u0131k g\u00f6rerek g\u00f6rev verildi\u011fi takdirde hemen \u00e7al\u0131\u015fmalar\u0131m\u0131za start vererek Manavgat\u2019\u0131n t\u00fcm sorunlar\u0131na \u00e7\u00f6z\u00fcm yollar\u0131 arayaca\u011f\u0131z. \u00d6ncelikle sorunlar\u0131n ba\u015f\u0131nda bar\u0131nma geliyor, milyon dolarl\u0131k turistik tesislerimize eleman bulmakta zorluklar ya\u015fan\u0131yor, bu zorluklar\u0131n tek nedeni bar\u0131nma sorunu geliyor. Yerel y\u00f6netim olarak \u00f6ncelikle bunu \u00e7\u00f6zmek i\u00e7in \u00e7aba sarf edece\u011fiz. Aday adayl\u0131\u011f\u0131 ba\u015fvurumuzun netle\u015fmesinin ard\u0131ndan de\u011ferli Manavgat halk\u0131 ile projelerimizi payla\u015faca\u011f\u0131z. T\u00fcm Manavgat\u2019a selam ve sevgilerimi sunuyorum\u201d dedi.<\/p>\n\n\n\n<p>(Haber Merkezi)<\/p>\n","protected":false},"excerpt":{"rendered":"<p>Memleket Partisi \u0130l\u00e7e Ba\u015fkan\u0131 Ali Sazan d\u00fcn Hisar Caddesindeki Harmoni Pastanesinde gazetecilerle bir araya geldi. Yakla\u015fan yerel se\u00e7imler \u00f6ncesi bilgilendirme ve kar\u015f\u0131l\u0131kl\u0131 fikir al\u0131\u015fveri\u015fi i\u00e7inde <a href=\"https:\/\/akdenizhaber.com.tr\/index.php\/2023\/11\/28\/memleket-partisi-ilce-baskani-ali-sazan-aday-adayligi-basvurumu-yaptim\/\" class=\"read-more-link\">[more&#8230;]<\/a><\/p>\n","protected":false},"author":2,"featured_media":18142,"comment_status":"open","ping_status":"open","sticky":false,"template":"","format":"standard","meta":{"footnotes":""},"categories":[2],"tags":[],"class_list":["post-18141","post","type-post","status-publish","format-standard","has-post-thumbnail","hentry","category-gundem"],"_links":{"self":[{"href":"https:\/\/akdenizhaber.com.tr\/index.php\/wp-json\/wp\/v2\/posts\/18141","targetHints":{"allow":["GET"]}}],"collection":[{"href":"https:\/\/akdenizhaber.com.tr\/index.php\/wp-json\/wp\/v2\/posts"}],"about":[{"href":"https:\/\/akdenizhaber.com.tr\/index.php\/wp-json\/wp\/v2\/types\/post"}],"author":[{"embeddable":true,"href":"https:\/\/akdenizhaber.com.tr\/index.php\/wp-json\/wp\/v2\/users\/2"}],"replies":[{"embeddable":true,"href":"https:\/\/akdenizhaber.com.tr\/index.php\/wp-json\/wp\/v2\/comments?post=18141"}],"version-history":[{"count":0,"href":"https:\/\/akdenizhaber.com.tr\/index.php\/wp-json\/wp\/v2\/posts\/18141\/revisions"}],"wp:featuredmedia":[{"embeddable":true,"href":"https:\/\/akdenizhaber.com.tr\/index.php\/wp-json\/wp\/v2\/media\/18142"}],"wp:attachment":[{"href":"https:\/\/akdenizhaber.com.tr\/index.php\/wp-json\/wp\/v2\/media?parent=18141"}],"wp:term":[{"taxonomy":"category","embeddable":true,"href":"https:\/\/akdenizhaber.com.tr\/index.php\/wp-json\/wp\/v2\/categories?post=18141"},{"taxonomy":"post_tag","embeddable":true,"href":"https:\/\/akdenizhaber.com.tr\/index.php\/wp-json\/wp\/v2\/tags?post=18141"}],"curies":[{"name":"wp","href":"https:\/\/api.w.org\/{rel}","templated":true}]}}